{"id":2393,"date":"2013-07-01T08:37:11","date_gmt":"2013-07-01T08:37:11","guid":{"rendered":"http:\/\/donesesglesia.cat\/wp_cde\/?p=2393"},"modified":"2013-07-01T08:37:11","modified_gmt":"2013-07-01T08:37:11","slug":"activitats-cde-girona-juliol-2013","status":"publish","type":"post","link":"https:\/\/donesesglesia.cat\/wp_cde\/activitats-cde-girona-juliol-2013\/","title":{"rendered":"Activitats CDE-Girona &#8211; Juliol 2013"},"content":{"rendered":"<p><a href=\"http:\/\/donesesglesia.cat\/wp_cde\/wp-content\/uploads\/2011\/04\/Girona-p.jpg\"><img loading=\"lazy\" decoding=\"async\" class=\"size-full wp-image-448 alignnone\" alt=\"Girona-p\" src=\"http:\/\/donesesglesia.cat\/wp_cde\/wp-content\/uploads\/2011\/04\/Girona-p.jpg\" width=\"350\" height=\"131\" srcset=\"https:\/\/donesesglesia.cat\/wp_cde\/wp-content\/uploads\/2011\/04\/Girona-p.jpg 350w, https:\/\/donesesglesia.cat\/wp_cde\/wp-content\/uploads\/2011\/04\/Girona-p-300x112.jpg 300w\" sizes=\"auto, (max-width: 350px) 100vw, 350px\" \/><\/a><\/p>\n<p><b>2 de juliol,<\/b> <b>dimarts, de 17 a 19 h<\/b>, <b>sessi\u00f3 de cinef\u00f2rum<\/b><br \/>\nVeurem la pel\u00b7l\u00edcula: <i>Callas Forever.<\/i><br \/>\nLloc: Centre C\u00edvic Pla de Palau, c\/ Saragossa, 27, Girona<\/p>\n<p><b>16 de juliol, dimarts, a les 18 h, reuni\u00f3 mensual ordin\u00e0ria i preg\u00e0ria<\/b><br \/>\nLloc: Centre C\u00edvic Pla de Palau, c\/ Saragossa, 27, Girona<\/p>\n<p><b>22 de juliol, dilluns, a les 18 h<\/b>, <b>lit\u00fargia de vespres i celebraci\u00f3 del dia de Santa Magdalena<\/b><br \/>\nLloc: Carmelites Descalces de Montilivi<\/p>\n<p><b>23 de juliol, dimarts, a les 17.30 h, <\/b>confer\u00e8ncia:<b> \u201cMaria de Magdala<\/b><i><b>&#8220;,<\/b><\/i><b> <\/b>per Maria \u00c0ngels Cosculluela<br \/>\nLloc: Centre C\u00edvic Pla de Palau, c\/ Saragossa, 27, Girona<\/p>\n<p><b>Dinar de celebraci\u00f3 de Santa Magdalena<\/b><br \/>\nLes companyes del grup de Girona durant el mes de juliol celebraran el dia de Santa Magdalena amb un dinar (dia i lloc per confirmar)<\/p>\n","protected":false},"excerpt":{"rendered":"<p>2 de juliol, dimarts, de 17 a 19 h, sessi\u00f3 de cinef\u00f2rum Veurem la pel\u00b7l\u00edcula: Callas Forever. Lloc: Centre C\u00edvic Pla de Palau, c\/ Saragossa, 27, Girona 16 de juliol, [&hellip;]<\/p>\n","protected":false},"author":1,"featured_media":448,"comment_status":"closed","ping_status":"closed","sticky":false,"template":"","format":"standard","meta":{"footnotes":""},"categories":[7],"tags":[],"class_list":["post-2393","post","type-post","status-publish","format-standard","has-post-thumbnail","hentry","category-activitats-cde-girona"],"_links":{"self":[{"href":"https:\/\/donesesglesia.cat\/wp_cde\/wp-json\/wp\/v2\/posts\/2393","targetHints":{"allow":["GET"]}}],"collection":[{"href":"https:\/\/donesesglesia.cat\/wp_cde\/wp-json\/wp\/v2\/posts"}],"about":[{"href":"https:\/\/donesesglesia.cat\/wp_cde\/wp-json\/wp\/v2\/types\/post"}],"author":[{"embeddable":true,"href":"https:\/\/donesesglesia.cat\/wp_cde\/wp-json\/wp\/v2\/users\/1"}],"replies":[{"embeddable":true,"href":"https:\/\/donesesglesia.cat\/wp_cde\/wp-json\/wp\/v2\/comments?post=2393"}],"version-history":[{"count":0,"href":"https:\/\/donesesglesia.cat\/wp_cde\/wp-json\/wp\/v2\/posts\/2393\/revisions"}],"wp:featuredmedia":[{"embeddable":true,"href":"https:\/\/donesesglesia.cat\/wp_cde\/wp-json\/wp\/v2\/media\/448"}],"wp:attachment":[{"href":"https:\/\/donesesglesia.cat\/wp_cde\/wp-json\/wp\/v2\/media?parent=2393"}],"wp:term":[{"taxonomy":"category","embeddable":true,"href":"https:\/\/donesesglesia.cat\/wp_cde\/wp-json\/wp\/v2\/categories?post=2393"},{"taxonomy":"post_tag","embeddable":true,"href":"https:\/\/donesesglesia.cat\/wp_cde\/wp-json\/wp\/v2\/tags?post=2393"}],"curies":[{"name":"wp","href":"https:\/\/api.w.org\/{rel}","templated":true}]}}