{"id":2357,"date":"2013-05-29T20:01:12","date_gmt":"2013-05-29T20:01:12","guid":{"rendered":"http:\/\/donesesglesia.cat\/wp_cde\/?p=2357"},"modified":"2013-05-29T20:01:34","modified_gmt":"2013-05-29T20:01:34","slug":"l%e2%80%99evangeli-del-mes-juny-2013","status":"publish","type":"post","link":"https:\/\/donesesglesia.cat\/wp_cde\/l%e2%80%99evangeli-del-mes-juny-2013\/","title":{"rendered":"L\u2019evangeli del mes &#8211; Juny 2013"},"content":{"rendered":"<blockquote><p><a href=\"http:\/\/donesesglesia.cat\/wp_cde\/wp-content\/uploads\/2013\/05\/evangeli-juny2013.jpg\"><img loading=\"lazy\" decoding=\"async\" class=\"size-medium wp-image-2358 alignright\" title=\"evangeli-juny2013\" src=\"http:\/\/donesesglesia.cat\/wp_cde\/wp-content\/uploads\/2013\/05\/evangeli-juny2013-300x225.jpg\" alt=\"\" width=\"300\" height=\"225\" srcset=\"https:\/\/donesesglesia.cat\/wp_cde\/wp-content\/uploads\/2013\/05\/evangeli-juny2013-300x225.jpg 300w, https:\/\/donesesglesia.cat\/wp_cde\/wp-content\/uploads\/2013\/05\/evangeli-juny2013.jpg 512w\" sizes=\"auto, (max-width: 300px) 100vw, 300px\" \/><\/a>Assaborir\u00e9 les paraules de Pau i Fraternitat contingudes en els Llibres Sagrats de totes les religions i, com el pa fresc de bon mat\u00ed, les guardar\u00e9 dintre meu, amb la seguretat de retrobar-me i de confluir amb totes les persones creients del m\u00f3n en el com\u00fa \u201clloc teol\u00f2gic\u201d que s\u00f3n els empobrits i humiliats de tota la Terra.<\/p>\n<p>Amb les meves germanes i germans de totes les religions vull contemplar el m\u00f3n amb els ulls i el cor del Qui \u00c9S.<\/p><\/blockquote>\n<p>Desitgem que aquesta part de la preg\u00e0ria que es va fer a la jornada celebrada recentment pel Col\u00b7lectiu, serveixi com a reflexi\u00f3 en el nostre caminar de cada dia.<\/p>\n","protected":false},"excerpt":{"rendered":"<p>Assaborir\u00e9 les paraules de Pau i Fraternitat contingudes en els Llibres Sagrats de totes les religions i, com el pa fresc de bon mat\u00ed, les guardar\u00e9 dintre meu, amb la [&hellip;]<\/p>\n","protected":false},"author":1,"featured_media":2358,"comment_status":"closed","ping_status":"closed","sticky":false,"template":"","format":"standard","meta":{"footnotes":""},"categories":[14],"tags":[],"class_list":["post-2357","post","type-post","status-publish","format-standard","has-post-thumbnail","hentry","category-levangeli-del-mes"],"_links":{"self":[{"href":"https:\/\/donesesglesia.cat\/wp_cde\/wp-json\/wp\/v2\/posts\/2357","targetHints":{"allow":["GET"]}}],"collection":[{"href":"https:\/\/donesesglesia.cat\/wp_cde\/wp-json\/wp\/v2\/posts"}],"about":[{"href":"https:\/\/donesesglesia.cat\/wp_cde\/wp-json\/wp\/v2\/types\/post"}],"author":[{"embeddable":true,"href":"https:\/\/donesesglesia.cat\/wp_cde\/wp-json\/wp\/v2\/users\/1"}],"replies":[{"embeddable":true,"href":"https:\/\/donesesglesia.cat\/wp_cde\/wp-json\/wp\/v2\/comments?post=2357"}],"version-history":[{"count":0,"href":"https:\/\/donesesglesia.cat\/wp_cde\/wp-json\/wp\/v2\/posts\/2357\/revisions"}],"wp:featuredmedia":[{"embeddable":true,"href":"https:\/\/donesesglesia.cat\/wp_cde\/wp-json\/wp\/v2\/media\/2358"}],"wp:attachment":[{"href":"https:\/\/donesesglesia.cat\/wp_cde\/wp-json\/wp\/v2\/media?parent=2357"}],"wp:term":[{"taxonomy":"category","embeddable":true,"href":"https:\/\/donesesglesia.cat\/wp_cde\/wp-json\/wp\/v2\/categories?post=2357"},{"taxonomy":"post_tag","embeddable":true,"href":"https:\/\/donesesglesia.cat\/wp_cde\/wp-json\/wp\/v2\/tags?post=2357"}],"curies":[{"name":"wp","href":"https:\/\/api.w.org\/{rel}","templated":true}]}}