{"id":2349,"date":"2013-05-29T19:44:56","date_gmt":"2013-05-29T19:44:56","guid":{"rendered":"http:\/\/donesesglesia.cat\/wp_cde\/?p=2349"},"modified":"2013-09-24T11:11:43","modified_gmt":"2013-09-24T11:11:43","slug":"activitats-cde-horta-juny-2013","status":"publish","type":"post","link":"https:\/\/donesesglesia.cat\/wp_cde\/activitats-cde-horta-juny-2013\/","title":{"rendered":"Activitats CDE-Horta &#8211; Juny 2013"},"content":{"rendered":"<p style=\"text-align: center;\"><a href=\"http:\/\/donesesglesia.cat\/wp_cde\/wp-content\/uploads\/2013\/05\/horta2013.jpg\"><img loading=\"lazy\" decoding=\"async\" class=\"aligncenter  wp-image-2558\" alt=\"horta2013\" src=\"http:\/\/donesesglesia.cat\/wp_cde\/wp-content\/uploads\/2013\/05\/horta2013.jpg\" width=\"546\" height=\"196\" srcset=\"https:\/\/donesesglesia.cat\/wp_cde\/wp-content\/uploads\/2013\/05\/horta2013.jpg 683w, https:\/\/donesesglesia.cat\/wp_cde\/wp-content\/uploads\/2013\/05\/horta2013-300x107.jpg 300w\" sizes=\"auto, (max-width: 546px) 100vw, 546px\" \/><\/a><\/p>\n<p><strong>6 de juny, dijous, a les 18 h<\/strong><br \/>\nConfer\u00e8ncia: <strong>\u201cLa sexualitat i l&#8217;amor en la religi\u00f3\u201d<\/strong>, a c\u00e0rrec de Magda Tom\u00e0s Ribes<br \/>\nLloc: Biblioteca Can Mariner, c\/ del Vent, 1 (tocant al c\/ Horta)<\/p>\n<p>18 de juny, dimarts, a les 18 h<br \/>\nConfer\u00e8ncia: <strong>\u201cDones te\u00f2logues: estat de la q\u00fcesti\u00f3\u201d<\/strong>, a c\u00e0rrec de Roser Sol\u00e9 Besteiro<br \/>\nLloc: Casal de la Font d\u2019en Fargues, c\/ Pedrell, 67-69. Parades de Metro de la L4: Carmel, Horta i Vilapicina. Autobusos: 39 i 117<\/p>\n<p><strong>20 de juny, dijous, a les 14 h<\/strong><br \/>\n<strong>DINAR DE FI DE CURS<\/strong><br \/>\nLes companyes del grup d\u2019Horta celebren la fi del curs amb un dinar de germanor al qual estem totes convidades. El preu aproximat ser\u00e0 de 12 a 13 \u20ac. Si us hi voleu afegir cal reservar lloc trucant a la companya Josefina Valc\u00e0rcel.<br \/>\nLloc: Cal Joanet, c\/Tajo 6, Barcelona (L5 Horta, Vilapicina)<\/p>\n","protected":false},"excerpt":{"rendered":"<p>6 de juny, dijous, a les 18 h Confer\u00e8ncia: \u201cLa sexualitat i l&#8217;amor en la religi\u00f3\u201d, a c\u00e0rrec de Magda Tom\u00e0s Ribes Lloc: Biblioteca Can Mariner, c\/ del Vent, 1 [&hellip;]<\/p>\n","protected":false},"author":1,"featured_media":2558,"comment_status":"closed","ping_status":"closed","sticky":false,"template":"","format":"standard","meta":{"footnotes":""},"categories":[8],"tags":[],"class_list":["post-2349","post","type-post","status-publish","format-standard","has-post-thumbnail","hentry","category-activitats-cde-horta"],"_links":{"self":[{"href":"https:\/\/donesesglesia.cat\/wp_cde\/wp-json\/wp\/v2\/posts\/2349","targetHints":{"allow":["GET"]}}],"collection":[{"href":"https:\/\/donesesglesia.cat\/wp_cde\/wp-json\/wp\/v2\/posts"}],"about":[{"href":"https:\/\/donesesglesia.cat\/wp_cde\/wp-json\/wp\/v2\/types\/post"}],"author":[{"embeddable":true,"href":"https:\/\/donesesglesia.cat\/wp_cde\/wp-json\/wp\/v2\/users\/1"}],"replies":[{"embeddable":true,"href":"https:\/\/donesesglesia.cat\/wp_cde\/wp-json\/wp\/v2\/comments?post=2349"}],"version-history":[{"count":0,"href":"https:\/\/donesesglesia.cat\/wp_cde\/wp-json\/wp\/v2\/posts\/2349\/revisions"}],"wp:featuredmedia":[{"embeddable":true,"href":"https:\/\/donesesglesia.cat\/wp_cde\/wp-json\/wp\/v2\/media\/2558"}],"wp:attachment":[{"href":"https:\/\/donesesglesia.cat\/wp_cde\/wp-json\/wp\/v2\/media?parent=2349"}],"wp:term":[{"taxonomy":"category","embeddable":true,"href":"https:\/\/donesesglesia.cat\/wp_cde\/wp-json\/wp\/v2\/categories?post=2349"},{"taxonomy":"post_tag","embeddable":true,"href":"https:\/\/donesesglesia.cat\/wp_cde\/wp-json\/wp\/v2\/tags?post=2349"}],"curies":[{"name":"wp","href":"https:\/\/api.w.org\/{rel}","templated":true}]}}