{"id":2341,"date":"2013-05-29T19:33:59","date_gmt":"2013-05-29T19:33:59","guid":{"rendered":"http:\/\/donesesglesia.cat\/wp_cde\/?p=2341"},"modified":"2013-05-26T19:38:06","modified_gmt":"2013-05-26T19:38:06","slug":"activitats-cde-girona-juny-2013","status":"publish","type":"post","link":"https:\/\/donesesglesia.cat\/wp_cde\/activitats-cde-girona-juny-2013\/","title":{"rendered":"Activitats CDE-Girona &#8211; Juny 2013"},"content":{"rendered":"<p><a href=\"http:\/\/donesesglesia.cat\/wp_cde\/wp-content\/uploads\/2011\/05\/Sabadell-p.jpg\"><img loading=\"lazy\" decoding=\"async\" class=\"alignnone size-medium wp-image-239\" title=\"Sabadell-p\" src=\"http:\/\/donesesglesia.cat\/wp_cde\/wp-content\/uploads\/2011\/05\/Sabadell-p-300x78.jpg\" alt=\"\" width=\"300\" height=\"78\" srcset=\"https:\/\/donesesglesia.cat\/wp_cde\/wp-content\/uploads\/2011\/05\/Sabadell-p-300x78.jpg 300w, https:\/\/donesesglesia.cat\/wp_cde\/wp-content\/uploads\/2011\/05\/Sabadell-p.jpg 350w\" sizes=\"auto, (max-width: 300px) 100vw, 300px\" \/><\/a><\/p>\n<p><strong>4 de juny, dimarts, de 17 a 19 h<\/strong><br \/>\n<strong>Sessi\u00f3 de cinef\u00f2rum<\/strong>: Veurem la pel\u00b7l\u00edcula: Mrs. Henderson Presents (La mujer que revolucion\u00f3 el mundo del teatro).<\/p>\n<p><strong>11 de juny, dimarts, a les 17 h<\/strong><br \/>\n<strong>Sessi\u00f3 cultural<\/strong>: Veurem dos v\u00eddeos: l\u2019un, de la confer\u00e8ncia <strong>\u201cDones i religi\u00f3\u201d<\/strong> de Mar\u00eda \u00c1ngeles Cosculluela P\u00e9rez del dia 29 d\u2019abril de 2008, i l\u2019altre, amb una not\u00edcia sobre <strong>\u201cDones en l\u2019Esgl\u00e9sia\u201d<\/strong>, que va emetre el programa Redacci\u00f3 Girona Pla de la televisi\u00f3 de Banyoles el dia 15 de juny del 2007.<\/p>\n<p><strong>18 de juny, dimarts, de 17 a 19 h<\/strong><br \/>\n<strong>Reuni\u00f3 mensual ordin\u00e0ria i preg\u00e0ria.<\/strong><\/p>\n<p><strong>25 de juny, dimarts, a les 17 h<\/strong><br \/>\n<strong>Trobada<\/strong> per preparar la jornada del Centre C\u00edvic Pla de Palau al carrer!, i organitzar la nostra celebraci\u00f3 d\u2019aquest any de Maria de Magdalena<\/p>\n<p>Aquests quatre actes tindran lloc a la seu del CDE de Girona, Centre C\u00edvic Pla de Palau, c\/ Saragossa, 27, Girona.<\/p>\n","protected":false},"excerpt":{"rendered":"<p>4 de juny, dimarts, de 17 a 19 h Sessi\u00f3 de cinef\u00f2rum: Veurem la pel\u00b7l\u00edcula: Mrs. Henderson Presents (La mujer que revolucion\u00f3 el mundo del teatro). 11 de juny, dimarts, [&hellip;]<\/p>\n","protected":false},"author":1,"featured_media":239,"comment_status":"closed","ping_status":"closed","sticky":false,"template":"","format":"standard","meta":{"footnotes":""},"categories":[7],"tags":[],"class_list":["post-2341","post","type-post","status-publish","format-standard","has-post-thumbnail","hentry","category-activitats-cde-girona"],"_links":{"self":[{"href":"https:\/\/donesesglesia.cat\/wp_cde\/wp-json\/wp\/v2\/posts\/2341","targetHints":{"allow":["GET"]}}],"collection":[{"href":"https:\/\/donesesglesia.cat\/wp_cde\/wp-json\/wp\/v2\/posts"}],"about":[{"href":"https:\/\/donesesglesia.cat\/wp_cde\/wp-json\/wp\/v2\/types\/post"}],"author":[{"embeddable":true,"href":"https:\/\/donesesglesia.cat\/wp_cde\/wp-json\/wp\/v2\/users\/1"}],"replies":[{"embeddable":true,"href":"https:\/\/donesesglesia.cat\/wp_cde\/wp-json\/wp\/v2\/comments?post=2341"}],"version-history":[{"count":0,"href":"https:\/\/donesesglesia.cat\/wp_cde\/wp-json\/wp\/v2\/posts\/2341\/revisions"}],"wp:featuredmedia":[{"embeddable":true,"href":"https:\/\/donesesglesia.cat\/wp_cde\/wp-json\/wp\/v2\/media\/239"}],"wp:attachment":[{"href":"https:\/\/donesesglesia.cat\/wp_cde\/wp-json\/wp\/v2\/media?parent=2341"}],"wp:term":[{"taxonomy":"category","embeddable":true,"href":"https:\/\/donesesglesia.cat\/wp_cde\/wp-json\/wp\/v2\/categories?post=2341"},{"taxonomy":"post_tag","embeddable":true,"href":"https:\/\/donesesglesia.cat\/wp_cde\/wp-json\/wp\/v2\/tags?post=2341"}],"curies":[{"name":"wp","href":"https:\/\/api.w.org\/{rel}","templated":true}]}}