{"id":2264,"date":"2013-04-28T14:08:55","date_gmt":"2013-04-28T14:08:55","guid":{"rendered":"http:\/\/donesesglesia.cat\/wp_cde\/?p=2264"},"modified":"2013-04-28T14:08:55","modified_gmt":"2013-04-28T14:08:55","slug":"levangeli-del-mes-maig-2013","status":"publish","type":"post","link":"https:\/\/donesesglesia.cat\/wp_cde\/levangeli-del-mes-maig-2013\/","title":{"rendered":"L&#8217;evangeli del mes &#8211; Maig 2013"},"content":{"rendered":"<blockquote>\n<p style=\"text-align: center;\"><a href=\"http:\/\/donesesglesia.cat\/wp_cde\/wp-content\/uploads\/2013\/04\/evangeli-maig2013.jpg\"><img loading=\"lazy\" decoding=\"async\" class=\"aligncenter size-full wp-image-2266\" title=\"evangeli-maig2013\" src=\"http:\/\/donesesglesia.cat\/wp_cde\/wp-content\/uploads\/2013\/04\/evangeli-maig2013.jpg\" alt=\"\" width=\"437\" height=\"271\" srcset=\"https:\/\/donesesglesia.cat\/wp_cde\/wp-content\/uploads\/2013\/04\/evangeli-maig2013.jpg 567w, https:\/\/donesesglesia.cat\/wp_cde\/wp-content\/uploads\/2013\/04\/evangeli-maig2013-300x186.jpg 300w\" sizes=\"auto, (max-width: 437px) 100vw, 437px\" \/><\/a><\/p>\n<p style=\"text-align: center;\"><a href=\"http:\/\/donesesglesia.cat\/wp_cde\/wp-content\/uploads\/2013\/04\/evangeli-maig2013.jpg\"><span style=\"color: #000000;\">Jes\u00fas digu\u00e9 als seus deixebles:<\/span><\/a> \u201cSigueu misericordiosos com el vostre Pare \u00e9s misericordi\u00f3s. No judiqueu, i no sereu\u00a0judicats; no condemneu, i no sereu condemnats; perdoneu, i sereu perdonats. Doneu, i\u00a0us donaran; us abocaran a la falda una bona mesura, atape\u00efda, sacsejada i curulla fins\u00a0a vessar. Tal com mesureu sereu mesurats&#8221;. Lc 6,36-38.<\/p>\n<\/blockquote>\n<p>D\u00e9u no \u00e9s jutge, sin\u00f3 un Pare\/Mare compassiu. D\u00e9u no condemna sin\u00f3 que perdona. \u00c9s\u00a0per aix\u00f2 que Jes\u00fas ensenya als seus seguidors un estil d\u2019actuar que s\u2019assembli al del\u00a0Pare\/Mare. No visqueu jutjant i desqualificant les persones. No condemneu.\u00a0PERDONEU, sapigueu comprendre i disculpar. Doneu amb generositat. Tingueu un cor\u00a0gran. Aquest \u00e9s el missatge de Jes\u00fas. Aquest \u00e9s l\u2019ideal del cristi\u00e0 que vol seguir Jes\u00fas.<\/p>\n","protected":false},"excerpt":{"rendered":"<p>Jes\u00fas digu\u00e9 als seus deixebles: \u201cSigueu misericordiosos com el vostre Pare \u00e9s misericordi\u00f3s. No judiqueu, i no sereu\u00a0judicats; no condemneu, i no sereu condemnats; perdoneu, i sereu perdonats. Doneu, i\u00a0us [&hellip;]<\/p>\n","protected":false},"author":1,"featured_media":2266,"comment_status":"closed","ping_status":"closed","sticky":false,"template":"","format":"standard","meta":{"footnotes":""},"categories":[14],"tags":[],"class_list":["post-2264","post","type-post","status-publish","format-standard","has-post-thumbnail","hentry","category-levangeli-del-mes"],"_links":{"self":[{"href":"https:\/\/donesesglesia.cat\/wp_cde\/wp-json\/wp\/v2\/posts\/2264","targetHints":{"allow":["GET"]}}],"collection":[{"href":"https:\/\/donesesglesia.cat\/wp_cde\/wp-json\/wp\/v2\/posts"}],"about":[{"href":"https:\/\/donesesglesia.cat\/wp_cde\/wp-json\/wp\/v2\/types\/post"}],"author":[{"embeddable":true,"href":"https:\/\/donesesglesia.cat\/wp_cde\/wp-json\/wp\/v2\/users\/1"}],"replies":[{"embeddable":true,"href":"https:\/\/donesesglesia.cat\/wp_cde\/wp-json\/wp\/v2\/comments?post=2264"}],"version-history":[{"count":0,"href":"https:\/\/donesesglesia.cat\/wp_cde\/wp-json\/wp\/v2\/posts\/2264\/revisions"}],"wp:featuredmedia":[{"embeddable":true,"href":"https:\/\/donesesglesia.cat\/wp_cde\/wp-json\/wp\/v2\/media\/2266"}],"wp:attachment":[{"href":"https:\/\/donesesglesia.cat\/wp_cde\/wp-json\/wp\/v2\/media?parent=2264"}],"wp:term":[{"taxonomy":"category","embeddable":true,"href":"https:\/\/donesesglesia.cat\/wp_cde\/wp-json\/wp\/v2\/categories?post=2264"},{"taxonomy":"post_tag","embeddable":true,"href":"https:\/\/donesesglesia.cat\/wp_cde\/wp-json\/wp\/v2\/tags?post=2264"}],"curies":[{"name":"wp","href":"https:\/\/api.w.org\/{rel}","templated":true}]}}