{"id":2253,"date":"2013-04-28T13:40:01","date_gmt":"2013-04-28T13:40:01","guid":{"rendered":"http:\/\/donesesglesia.cat\/wp_cde\/?p=2253"},"modified":"2013-04-28T13:40:01","modified_gmt":"2013-04-28T13:40:01","slug":"activitats-cde-girona-maig-2013","status":"publish","type":"post","link":"https:\/\/donesesglesia.cat\/wp_cde\/activitats-cde-girona-maig-2013\/","title":{"rendered":"Activitats CDE-Girona &#8211; Maig 2013"},"content":{"rendered":"<p><a href=\"http:\/\/donesesglesia.cat\/wp_cde\/wp-content\/uploads\/2011\/04\/Girona-p.jpg\"><img loading=\"lazy\" decoding=\"async\" class=\"alignnone size-full wp-image-448\" title=\"Girona-p\" src=\"http:\/\/donesesglesia.cat\/wp_cde\/wp-content\/uploads\/2011\/04\/Girona-p.jpg\" alt=\"\" width=\"350\" height=\"131\" srcset=\"https:\/\/donesesglesia.cat\/wp_cde\/wp-content\/uploads\/2011\/04\/Girona-p.jpg 350w, https:\/\/donesesglesia.cat\/wp_cde\/wp-content\/uploads\/2011\/04\/Girona-p-300x112.jpg 300w\" sizes=\"auto, (max-width: 350px) 100vw, 350px\" \/><\/a><\/p>\n<p><strong>7 de maig, dimarts, de 17 a 19 h<\/strong><br \/>\n<strong>Sessi\u00f3 de cinef\u00f2rum<\/strong>. Veurem la pel\u00b7l\u00edcula: El \u00faltimo cupl\u00e9.<br \/>\nLloc: Centre C\u00edvic Pla de Palau, c\/ Saragossa, 27, Girona<\/p>\n<p><strong>14 de maig, dimarts, a les 17.30 h<\/strong><br \/>\nConfer\u00e8ncia: <strong>\u201cMares i \u00e0vies b\u00edbliques&#8221;<\/strong>, per\u00a0Magda Tom\u00e0s i Ribes<br \/>\nLloc: Centre C\u00edvic Pla de Palau, c\/ Saragossa, 27, Girona<\/p>\n<p><strong>21 de maig, dimarts, de 17 a 19 h<\/strong><br \/>\n<strong>Reuni\u00f3 mensual<\/strong> ordin\u00e0ria. \u00a0A les <strong>18 h, berenar primaveral<\/strong><br \/>\nLloc: Centre C\u00edvic Pla de Palau, c\/ Saragossa, 27, Girona<\/p>\n<p><strong>28 de maig, dimarts, a les 18 h<\/strong><br \/>\n<strong>Lit\u00fargia de vespres<\/strong><br \/>\nLloc: Carmelites descalces de Montilivi<\/p>\n","protected":false},"excerpt":{"rendered":"<p>7 de maig, dimarts, de 17 a 19 h Sessi\u00f3 de cinef\u00f2rum. Veurem la pel\u00b7l\u00edcula: El \u00faltimo cupl\u00e9. Lloc: Centre C\u00edvic Pla de Palau, c\/ Saragossa, 27, Girona 14 de [&hellip;]<\/p>\n","protected":false},"author":1,"featured_media":448,"comment_status":"closed","ping_status":"closed","sticky":false,"template":"","format":"standard","meta":{"footnotes":""},"categories":[7],"tags":[],"class_list":["post-2253","post","type-post","status-publish","format-standard","has-post-thumbnail","hentry","category-activitats-cde-girona"],"_links":{"self":[{"href":"https:\/\/donesesglesia.cat\/wp_cde\/wp-json\/wp\/v2\/posts\/2253","targetHints":{"allow":["GET"]}}],"collection":[{"href":"https:\/\/donesesglesia.cat\/wp_cde\/wp-json\/wp\/v2\/posts"}],"about":[{"href":"https:\/\/donesesglesia.cat\/wp_cde\/wp-json\/wp\/v2\/types\/post"}],"author":[{"embeddable":true,"href":"https:\/\/donesesglesia.cat\/wp_cde\/wp-json\/wp\/v2\/users\/1"}],"replies":[{"embeddable":true,"href":"https:\/\/donesesglesia.cat\/wp_cde\/wp-json\/wp\/v2\/comments?post=2253"}],"version-history":[{"count":0,"href":"https:\/\/donesesglesia.cat\/wp_cde\/wp-json\/wp\/v2\/posts\/2253\/revisions"}],"wp:featuredmedia":[{"embeddable":true,"href":"https:\/\/donesesglesia.cat\/wp_cde\/wp-json\/wp\/v2\/media\/448"}],"wp:attachment":[{"href":"https:\/\/donesesglesia.cat\/wp_cde\/wp-json\/wp\/v2\/media?parent=2253"}],"wp:term":[{"taxonomy":"category","embeddable":true,"href":"https:\/\/donesesglesia.cat\/wp_cde\/wp-json\/wp\/v2\/categories?post=2253"},{"taxonomy":"post_tag","embeddable":true,"href":"https:\/\/donesesglesia.cat\/wp_cde\/wp-json\/wp\/v2\/tags?post=2253"}],"curies":[{"name":"wp","href":"https:\/\/api.w.org\/{rel}","templated":true}]}}