{"id":2164,"date":"2013-03-03T21:10:05","date_gmt":"2013-03-03T21:10:05","guid":{"rendered":"http:\/\/donesesglesia.cat\/wp_cde\/?p=2164"},"modified":"2013-03-03T23:03:16","modified_gmt":"2013-03-03T23:03:16","slug":"activitats-cde-girona-marc-2013","status":"publish","type":"post","link":"https:\/\/donesesglesia.cat\/wp_cde\/activitats-cde-girona-marc-2013\/","title":{"rendered":"Activitats CDE-Girona &#8211; Mar\u00e7 2013"},"content":{"rendered":"<p><a href=\"http:\/\/donesesglesia.cat\/wp_cde\/wp-content\/uploads\/2011\/04\/Girona-p.jpg\"><img loading=\"lazy\" decoding=\"async\" class=\"size-full wp-image-448 alignnone\" title=\"Girona-p\" src=\"http:\/\/donesesglesia.cat\/wp_cde\/wp-content\/uploads\/2011\/04\/Girona-p.jpg\" alt=\"\" width=\"350\" height=\"131\" srcset=\"https:\/\/donesesglesia.cat\/wp_cde\/wp-content\/uploads\/2011\/04\/Girona-p.jpg 350w, https:\/\/donesesglesia.cat\/wp_cde\/wp-content\/uploads\/2011\/04\/Girona-p-300x112.jpg 300w\" sizes=\"auto, (max-width: 350px) 100vw, 350px\" \/><\/a><\/p>\n<p><strong>5 de mar\u00e7, dimarts, de 17 a 19 h.<\/strong><br \/>\n<strong>Sessi\u00f3 de cinef\u00f2rum<\/strong>. Veurem la pel\u00b7l\u00edcula: HABEMUS PAPAM.<br \/>\nLloc: Centre C\u00edvic Pla de Palau, c\/ Saragossa, 27, de Girona.<\/p>\n<p><strong>6 de mar\u00e7, dimecres, a les 18 h.<\/strong><br \/>\nActivitat entorn del dia <strong>8 de mar\u00e7, Dia de la Dona Treballadora<\/strong>, juntament amb les companyes de \u201cDones d\u2019arreu del m\u00f3n de Girona\u201d, passi del v\u00eddeo <strong><em>Dona i lideratge comunitari<\/em><\/strong>. Seguiment audiovisual del <strong>projecte Cris\u00e0lide<\/strong>. Presentaci\u00f3 a c\u00e0rrec de Laura, del GDaM, i Pu\u00e0, del CDE de Girona.<br \/>\nLloc: Centre C\u00edvic Pla de Palau, C\/Saragossa, 27, Girona.<\/p>\n<p><strong>8 de mar\u00e7, divendres, a les 18 h.<\/strong><br \/>\nActe unitari del <strong>Dia Internacional de la Dona Treballadora<\/strong>.<br \/>\nHi participarem amb tots els grups que formen part de la Comissi\u00f3 Ciutat Igualtat.<br \/>\nLloc: Al pont de Pedra, Girona.<\/p>\n<p><strong>12 de mar\u00e7, dimarts, a les 17.30 h.<\/strong><br \/>\nConfer\u00e8ncia: <strong>\u201cLes dones b\u00edbliques\u201d<\/strong>, a c\u00e0rrec de M. Pau Trayner i Vilanova.<br \/>\nLloc: Centre C\u00edvic Pla de Palau, c\/ Saragossa, 27, de Girona.<\/p>\n<p><strong>19 de mar\u00e7, dimarts, a les 17 h.<\/strong><br \/>\n<strong><\/strong>A les 18 h, preg\u00e0ria.<br \/>\nLloc: Centre C\u00edvic Pla de Palau, c\/ Saragossa, 27, de Girona<\/p>\n","protected":false},"excerpt":{"rendered":"<p>5 de mar\u00e7, dimarts, de 17 a 19 h. Sessi\u00f3 de cinef\u00f2rum. Veurem la pel\u00b7l\u00edcula: HABEMUS PAPAM. Lloc: Centre C\u00edvic Pla de Palau, c\/ Saragossa, 27, de Girona. 6 de [&hellip;]<\/p>\n","protected":false},"author":1,"featured_media":448,"comment_status":"closed","ping_status":"closed","sticky":false,"template":"","format":"standard","meta":{"footnotes":""},"categories":[7],"tags":[],"class_list":["post-2164","post","type-post","status-publish","format-standard","has-post-thumbnail","hentry","category-activitats-cde-girona"],"_links":{"self":[{"href":"https:\/\/donesesglesia.cat\/wp_cde\/wp-json\/wp\/v2\/posts\/2164","targetHints":{"allow":["GET"]}}],"collection":[{"href":"https:\/\/donesesglesia.cat\/wp_cde\/wp-json\/wp\/v2\/posts"}],"about":[{"href":"https:\/\/donesesglesia.cat\/wp_cde\/wp-json\/wp\/v2\/types\/post"}],"author":[{"embeddable":true,"href":"https:\/\/donesesglesia.cat\/wp_cde\/wp-json\/wp\/v2\/users\/1"}],"replies":[{"embeddable":true,"href":"https:\/\/donesesglesia.cat\/wp_cde\/wp-json\/wp\/v2\/comments?post=2164"}],"version-history":[{"count":0,"href":"https:\/\/donesesglesia.cat\/wp_cde\/wp-json\/wp\/v2\/posts\/2164\/revisions"}],"wp:featuredmedia":[{"embeddable":true,"href":"https:\/\/donesesglesia.cat\/wp_cde\/wp-json\/wp\/v2\/media\/448"}],"wp:attachment":[{"href":"https:\/\/donesesglesia.cat\/wp_cde\/wp-json\/wp\/v2\/media?parent=2164"}],"wp:term":[{"taxonomy":"category","embeddable":true,"href":"https:\/\/donesesglesia.cat\/wp_cde\/wp-json\/wp\/v2\/categories?post=2164"},{"taxonomy":"post_tag","embeddable":true,"href":"https:\/\/donesesglesia.cat\/wp_cde\/wp-json\/wp\/v2\/tags?post=2164"}],"curies":[{"name":"wp","href":"https:\/\/api.w.org\/{rel}","templated":true}]}}