{"id":2143,"date":"2013-03-03T21:50:52","date_gmt":"2013-03-03T21:50:52","guid":{"rendered":"http:\/\/donesesglesia.cat\/wp_cde\/?p=2143"},"modified":"2013-03-03T22:38:18","modified_gmt":"2013-03-03T22:38:18","slug":"levangeli-del-mes-marc-2013","status":"publish","type":"post","link":"https:\/\/donesesglesia.cat\/wp_cde\/levangeli-del-mes-marc-2013\/","title":{"rendered":"L&#8217;evangeli del mes &#8211; Mar\u00e7 2013"},"content":{"rendered":"<blockquote><p><a href=\"http:\/\/donesesglesia.cat\/wp_cde\/wp-content\/uploads\/2013\/03\/evangeli_marc2013.jpg\"><img loading=\"lazy\" decoding=\"async\" class=\"alignright size-medium wp-image-2145\" title=\"evangeli_marc2013\" src=\"http:\/\/donesesglesia.cat\/wp_cde\/wp-content\/uploads\/2013\/03\/evangeli_marc2013-300x219.jpg\" alt=\"\" width=\"270\" height=\"197\" srcset=\"https:\/\/donesesglesia.cat\/wp_cde\/wp-content\/uploads\/2013\/03\/evangeli_marc2013-300x219.jpg 300w, https:\/\/donesesglesia.cat\/wp_cde\/wp-content\/uploads\/2013\/03\/evangeli_marc2013.jpg 600w\" sizes=\"auto, (max-width: 270px) 100vw, 270px\" \/><\/a>Feli\u00e7os els qui tenen fam i set de ser justos, perqu\u00e8 seran saciats!<br \/>\nFeli\u00e7os els qui treballen per la pau, perqu\u00e8 seran anomenats fills de D\u00e9u!<br \/>\nFeli\u00e7os els perseguits pel fet de ser justos, perqu\u00e8 d\u2019ells \u00e9s el Regne del cel!<br \/>\n(Mt 5,6.9-10)<\/p><\/blockquote>\n<p>&#8220;Canviar el m\u00f3n dep\u00e8n d\u2019una actitud compromesa, sumant-hi una bona informaci\u00f3, uns objectius clars, una capacitat d\u2019organitzaci\u00f3 i ganes de treballar.&#8221;<\/p>\n<p>Arcadi Oliveres, <em>Un altre m\u00f3n<\/em> (p. 12)<\/p>\n<p>Actualment, la nostra responsabilitat ens exigeix meditar profundament aquests textos. Hi esteu d\u2019acord?<\/p>\n","protected":false},"excerpt":{"rendered":"<p>Feli\u00e7os els qui tenen fam i set de ser justos, perqu\u00e8 seran saciats! Feli\u00e7os els qui treballen per la pau, perqu\u00e8 seran anomenats fills de D\u00e9u! Feli\u00e7os els perseguits pel [&hellip;]<\/p>\n","protected":false},"author":1,"featured_media":2145,"comment_status":"closed","ping_status":"closed","sticky":false,"template":"","format":"standard","meta":{"footnotes":""},"categories":[14],"tags":[],"class_list":["post-2143","post","type-post","status-publish","format-standard","has-post-thumbnail","hentry","category-levangeli-del-mes"],"_links":{"self":[{"href":"https:\/\/donesesglesia.cat\/wp_cde\/wp-json\/wp\/v2\/posts\/2143","targetHints":{"allow":["GET"]}}],"collection":[{"href":"https:\/\/donesesglesia.cat\/wp_cde\/wp-json\/wp\/v2\/posts"}],"about":[{"href":"https:\/\/donesesglesia.cat\/wp_cde\/wp-json\/wp\/v2\/types\/post"}],"author":[{"embeddable":true,"href":"https:\/\/donesesglesia.cat\/wp_cde\/wp-json\/wp\/v2\/users\/1"}],"replies":[{"embeddable":true,"href":"https:\/\/donesesglesia.cat\/wp_cde\/wp-json\/wp\/v2\/comments?post=2143"}],"version-history":[{"count":0,"href":"https:\/\/donesesglesia.cat\/wp_cde\/wp-json\/wp\/v2\/posts\/2143\/revisions"}],"wp:featuredmedia":[{"embeddable":true,"href":"https:\/\/donesesglesia.cat\/wp_cde\/wp-json\/wp\/v2\/media\/2145"}],"wp:attachment":[{"href":"https:\/\/donesesglesia.cat\/wp_cde\/wp-json\/wp\/v2\/media?parent=2143"}],"wp:term":[{"taxonomy":"category","embeddable":true,"href":"https:\/\/donesesglesia.cat\/wp_cde\/wp-json\/wp\/v2\/categories?post=2143"},{"taxonomy":"post_tag","embeddable":true,"href":"https:\/\/donesesglesia.cat\/wp_cde\/wp-json\/wp\/v2\/tags?post=2143"}],"curies":[{"name":"wp","href":"https:\/\/api.w.org\/{rel}","templated":true}]}}