{"id":2105,"date":"2013-02-03T18:42:22","date_gmt":"2013-02-03T18:42:22","guid":{"rendered":"http:\/\/donesesglesia.cat\/wp_cde\/?p=2105"},"modified":"2013-02-03T18:43:01","modified_gmt":"2013-02-03T18:43:01","slug":"levangeli-del-mes-febrer-2013","status":"publish","type":"post","link":"https:\/\/donesesglesia.cat\/wp_cde\/levangeli-del-mes-febrer-2013\/","title":{"rendered":"L&#8217;evangeli del mes &#8211; Febrer 2013"},"content":{"rendered":"<blockquote><p><a href=\"http:\/\/donesesglesia.cat\/wp_cde\/wp-content\/uploads\/2013\/02\/evangeli-febrer2013.jpg\"><img loading=\"lazy\" decoding=\"async\" class=\"alignright size-medium wp-image-2106\" title=\"evangeli-febrer2013\" src=\"http:\/\/donesesglesia.cat\/wp_cde\/wp-content\/uploads\/2013\/02\/evangeli-febrer2013-300x200.jpg\" alt=\"\" width=\"240\" height=\"160\" srcset=\"https:\/\/donesesglesia.cat\/wp_cde\/wp-content\/uploads\/2013\/02\/evangeli-febrer2013-300x200.jpg 300w, https:\/\/donesesglesia.cat\/wp_cde\/wp-content\/uploads\/2013\/02\/evangeli-febrer2013-140x94.jpg 140w, https:\/\/donesesglesia.cat\/wp_cde\/wp-content\/uploads\/2013\/02\/evangeli-febrer2013.jpg 350w\" sizes=\"auto, (max-width: 240px) 100vw, 240px\" \/><\/a>Job defensa els pobres. (Job 31,16)<br \/>\nEls salms de David ofereixen molta esperan\u00e7a al pobre.<br \/>\nIsa\u00efes profetitza que D\u00e9u ajudar\u00e0 els qui estimen els pobres. (Isa\u00efes 58, 6-12).<br \/>\nQu\u00e8 significa per Jeremies con\u00e8ixer el Senyor. (Jeremies 22,16).<br \/>\nPau posa la seva doctrina en acci\u00f3. (G\u00e0lates 2,10; Segona carta Corintis cap. 8 i 9).<br \/>\nJaume desafia l&#8217;esgl\u00e9sia que faci alguna cosa. (Carta de Jaume 2,5.14-16).<br \/>\nEl ministeri de Jes\u00fas: portar la bona nova als pobres. (Lluc 4,18-19).<br \/>\nL&#8217;esgl\u00e9sia de Pere no es va desentendre dels pobres. (Fets dels Ap\u00f2stols 4, 34).<br \/>\nCom es manifesta la fe: no tancant les entranyes al necessitat. (Primera carta de Joan 3,17-18).<\/p><\/blockquote>\n<p>Heus ac\u00ed uns textos, paraula de D\u00e9u, que ens interpel\u00b7len. Nosaltres qu\u00e8 fem pels pobres? Les dones i els infants s\u00f3n els m\u00e9s pobres dels pobres. Ho tenim present?<\/p>\n","protected":false},"excerpt":{"rendered":"<p>Job defensa els pobres. (Job 31,16) Els salms de David ofereixen molta esperan\u00e7a al pobre. Isa\u00efes profetitza que D\u00e9u ajudar\u00e0 els qui estimen els pobres. (Isa\u00efes 58, 6-12). Qu\u00e8 significa [&hellip;]<\/p>\n","protected":false},"author":1,"featured_media":2106,"comment_status":"closed","ping_status":"closed","sticky":false,"template":"","format":"standard","meta":{"footnotes":""},"categories":[14],"tags":[],"class_list":["post-2105","post","type-post","status-publish","format-standard","has-post-thumbnail","hentry","category-levangeli-del-mes"],"_links":{"self":[{"href":"https:\/\/donesesglesia.cat\/wp_cde\/wp-json\/wp\/v2\/posts\/2105","targetHints":{"allow":["GET"]}}],"collection":[{"href":"https:\/\/donesesglesia.cat\/wp_cde\/wp-json\/wp\/v2\/posts"}],"about":[{"href":"https:\/\/donesesglesia.cat\/wp_cde\/wp-json\/wp\/v2\/types\/post"}],"author":[{"embeddable":true,"href":"https:\/\/donesesglesia.cat\/wp_cde\/wp-json\/wp\/v2\/users\/1"}],"replies":[{"embeddable":true,"href":"https:\/\/donesesglesia.cat\/wp_cde\/wp-json\/wp\/v2\/comments?post=2105"}],"version-history":[{"count":0,"href":"https:\/\/donesesglesia.cat\/wp_cde\/wp-json\/wp\/v2\/posts\/2105\/revisions"}],"wp:featuredmedia":[{"embeddable":true,"href":"https:\/\/donesesglesia.cat\/wp_cde\/wp-json\/wp\/v2\/media\/2106"}],"wp:attachment":[{"href":"https:\/\/donesesglesia.cat\/wp_cde\/wp-json\/wp\/v2\/media?parent=2105"}],"wp:term":[{"taxonomy":"category","embeddable":true,"href":"https:\/\/donesesglesia.cat\/wp_cde\/wp-json\/wp\/v2\/categories?post=2105"},{"taxonomy":"post_tag","embeddable":true,"href":"https:\/\/donesesglesia.cat\/wp_cde\/wp-json\/wp\/v2\/tags?post=2105"}],"curies":[{"name":"wp","href":"https:\/\/api.w.org\/{rel}","templated":true}]}}