{"id":2097,"date":"2013-02-03T18:22:11","date_gmt":"2013-02-03T18:22:11","guid":{"rendered":"http:\/\/donesesglesia.cat\/wp_cde\/?p=2097"},"modified":"2013-02-03T18:22:11","modified_gmt":"2013-02-03T18:22:11","slug":"activitats-cde-horta-febrer-2013","status":"publish","type":"post","link":"https:\/\/donesesglesia.cat\/wp_cde\/activitats-cde-horta-febrer-2013\/","title":{"rendered":"Activitats CDE-Horta &#8211; Febrer 2013"},"content":{"rendered":"<p><a href=\"http:\/\/donesesglesia.cat\/wp_cde\/wp-content\/uploads\/2011\/05\/Horta2007-p.jpg\"><img loading=\"lazy\" decoding=\"async\" class=\"alignnone size-medium wp-image-235\" title=\"Horta\" src=\"http:\/\/donesesglesia.cat\/wp_cde\/wp-content\/uploads\/2011\/05\/Horta2007-p-300x77.jpg\" alt=\"\" width=\"300\" height=\"77\" srcset=\"https:\/\/donesesglesia.cat\/wp_cde\/wp-content\/uploads\/2011\/05\/Horta2007-p-300x77.jpg 300w, https:\/\/donesesglesia.cat\/wp_cde\/wp-content\/uploads\/2011\/05\/Horta2007-p.jpg 350w\" sizes=\"auto, (max-width: 300px) 100vw, 300px\" \/><\/a><strong><\/strong><\/p>\n<p><strong>31 de gener del 2013, dijous, a les 17.30 h.<br \/>\nReuni\u00f3 de Formaci\u00f3 de Grup.<\/strong><br \/>\nEl tema que treballarem ser\u00e0 <strong><em>\u201cJes\u00fas interrompria les nostres misses per recordar-nos que no es pot servir D\u00e9u i el diner\u201d.<\/em><\/strong><br \/>\nLloc: BIBLIOTECA CAN MARINER, carrer del Vent, 1 (tocant al carrer Horta)<\/p>\n<p><strong>21 de febrer del 2013, dijous, a les 18 h. <\/strong><br \/>\nConfer\u00e8ncia: <strong><em>\u201cLes dones en els processos de pau\u201d,<\/em><\/strong> a c\u00e0rrec de Roser Sol\u00e9 i Besteiro.<br \/>\nLloc: BIBLIOTECA CAN MARINER, carrer del Vent, 1 (tocant al carrer Horta)<strong><\/strong><\/p>\n<p><strong>26 de febrer del 2013, dimarts, a les 18 h. <\/strong><br \/>\nConfer\u00e8ncia:<strong> <em>\u201cRaons teol\u00f2giques dels ministeris per a dones&#8221;,<\/em> <\/strong>per Magda Tom\u00e0s i Ribes.<br \/>\nLloc: CASAL DE LA FONT D\u2019EN FARGUES, carrer Pedrell, 67-69. Parades de Metro: Carmel, Horta i Vilapiscina. Autobusos: 39 i 117<\/p>\n","protected":false},"excerpt":{"rendered":"<p>31 de gener del 2013, dijous, a les 17.30 h. Reuni\u00f3 de Formaci\u00f3 de Grup. El tema que treballarem ser\u00e0 \u201cJes\u00fas interrompria les nostres misses per recordar-nos que no es [&hellip;]<\/p>\n","protected":false},"author":1,"featured_media":235,"comment_status":"closed","ping_status":"closed","sticky":false,"template":"","format":"standard","meta":{"footnotes":""},"categories":[8],"tags":[],"class_list":["post-2097","post","type-post","status-publish","format-standard","has-post-thumbnail","hentry","category-activitats-cde-horta"],"_links":{"self":[{"href":"https:\/\/donesesglesia.cat\/wp_cde\/wp-json\/wp\/v2\/posts\/2097","targetHints":{"allow":["GET"]}}],"collection":[{"href":"https:\/\/donesesglesia.cat\/wp_cde\/wp-json\/wp\/v2\/posts"}],"about":[{"href":"https:\/\/donesesglesia.cat\/wp_cde\/wp-json\/wp\/v2\/types\/post"}],"author":[{"embeddable":true,"href":"https:\/\/donesesglesia.cat\/wp_cde\/wp-json\/wp\/v2\/users\/1"}],"replies":[{"embeddable":true,"href":"https:\/\/donesesglesia.cat\/wp_cde\/wp-json\/wp\/v2\/comments?post=2097"}],"version-history":[{"count":0,"href":"https:\/\/donesesglesia.cat\/wp_cde\/wp-json\/wp\/v2\/posts\/2097\/revisions"}],"wp:featuredmedia":[{"embeddable":true,"href":"https:\/\/donesesglesia.cat\/wp_cde\/wp-json\/wp\/v2\/media\/235"}],"wp:attachment":[{"href":"https:\/\/donesesglesia.cat\/wp_cde\/wp-json\/wp\/v2\/media?parent=2097"}],"wp:term":[{"taxonomy":"category","embeddable":true,"href":"https:\/\/donesesglesia.cat\/wp_cde\/wp-json\/wp\/v2\/categories?post=2097"},{"taxonomy":"post_tag","embeddable":true,"href":"https:\/\/donesesglesia.cat\/wp_cde\/wp-json\/wp\/v2\/tags?post=2097"}],"curies":[{"name":"wp","href":"https:\/\/api.w.org\/{rel}","templated":true}]}}