{"id":2067,"date":"2012-12-29T20:23:08","date_gmt":"2012-12-29T20:23:08","guid":{"rendered":"http:\/\/donesesglesia.cat\/wp_cde\/?p=2067"},"modified":"2012-12-29T20:23:08","modified_gmt":"2012-12-29T20:23:08","slug":"activitats-cde-horta-gener-2013","status":"publish","type":"post","link":"https:\/\/donesesglesia.cat\/wp_cde\/activitats-cde-horta-gener-2013\/","title":{"rendered":"Activitats CDE-Horta &#8211; Gener 2013"},"content":{"rendered":"<p><a href=\"http:\/\/donesesglesia.cat\/wp_cde\/wp-content\/uploads\/2011\/05\/Horta2007-p.jpg\"><img loading=\"lazy\" decoding=\"async\" class=\"alignnone size-full wp-image-235\" title=\"Horta\" src=\"http:\/\/donesesglesia.cat\/wp_cde\/wp-content\/uploads\/2011\/05\/Horta2007-p.jpg\" alt=\"\" width=\"350\" height=\"90\" srcset=\"https:\/\/donesesglesia.cat\/wp_cde\/wp-content\/uploads\/2011\/05\/Horta2007-p.jpg 350w, https:\/\/donesesglesia.cat\/wp_cde\/wp-content\/uploads\/2011\/05\/Horta2007-p-300x77.jpg 300w\" sizes=\"auto, (max-width: 350px) 100vw, 350px\" \/><\/a><\/p>\n<p><strong>24 de gener del 2013 \u2013 dijous a les 18 h.<\/strong><br \/>\nConfer\u00e8ncia: <strong>\u201cLes dones en el primer i segon testament\u201d<\/strong>, a c\u00e0rrec de M.Pau Trayner i Vilanova.<br \/>\nLloc: BIBLIOTECA CAN MARINER. Carrer del Vent, 1 (tocant al C.Horta)<\/p>\n<p><strong>29 de gener del 2013 \u2013 dimarts a les 18 h.<\/strong><br \/>\nConfer\u00e8ncia: <strong>\u201cEls evangelis ap\u00f2crifs<strong>\u201d<\/strong><\/strong>, per Manel Cord\u00f3n i Jim\u00e9nez.<br \/>\nLloc: CASAL DE LA FONT D\u2019EN FARGAS. C\/Pedrell, 67-69. Parades de Metro: Carmel, Horta i Vilapiscina. Autobusos: 39 i 117.<\/p>\n<p><strong>31 de gener del 2013 \u2013 dijous a les 17:30 h.<\/strong><br \/>\nReuni\u00f3 de Formaci\u00f3 de Grup. El tema a treballar ser\u00e0 <strong>\u201cMartini, l\u2019\u00faltima entrevista: Com pot ser que l\u2019esgl\u00e9sia no es mogui?\u201d<\/strong>.<br \/>\nLloc: BIBLIOTECA CAN MARINER. Carrer del Vent, 1 (tocant al C.Horta)<\/p>\n","protected":false},"excerpt":{"rendered":"<p>24 de gener del 2013 \u2013 dijous a les 18 h. Confer\u00e8ncia: \u201cLes dones en el primer i segon testament\u201d, a c\u00e0rrec de M.Pau Trayner i Vilanova. Lloc: BIBLIOTECA CAN [&hellip;]<\/p>\n","protected":false},"author":1,"featured_media":235,"comment_status":"closed","ping_status":"closed","sticky":false,"template":"","format":"standard","meta":{"footnotes":""},"categories":[8],"tags":[],"class_list":["post-2067","post","type-post","status-publish","format-standard","has-post-thumbnail","hentry","category-activitats-cde-horta"],"_links":{"self":[{"href":"https:\/\/donesesglesia.cat\/wp_cde\/wp-json\/wp\/v2\/posts\/2067","targetHints":{"allow":["GET"]}}],"collection":[{"href":"https:\/\/donesesglesia.cat\/wp_cde\/wp-json\/wp\/v2\/posts"}],"about":[{"href":"https:\/\/donesesglesia.cat\/wp_cde\/wp-json\/wp\/v2\/types\/post"}],"author":[{"embeddable":true,"href":"https:\/\/donesesglesia.cat\/wp_cde\/wp-json\/wp\/v2\/users\/1"}],"replies":[{"embeddable":true,"href":"https:\/\/donesesglesia.cat\/wp_cde\/wp-json\/wp\/v2\/comments?post=2067"}],"version-history":[{"count":0,"href":"https:\/\/donesesglesia.cat\/wp_cde\/wp-json\/wp\/v2\/posts\/2067\/revisions"}],"wp:featuredmedia":[{"embeddable":true,"href":"https:\/\/donesesglesia.cat\/wp_cde\/wp-json\/wp\/v2\/media\/235"}],"wp:attachment":[{"href":"https:\/\/donesesglesia.cat\/wp_cde\/wp-json\/wp\/v2\/media?parent=2067"}],"wp:term":[{"taxonomy":"category","embeddable":true,"href":"https:\/\/donesesglesia.cat\/wp_cde\/wp-json\/wp\/v2\/categories?post=2067"},{"taxonomy":"post_tag","embeddable":true,"href":"https:\/\/donesesglesia.cat\/wp_cde\/wp-json\/wp\/v2\/tags?post=2067"}],"curies":[{"name":"wp","href":"https:\/\/api.w.org\/{rel}","templated":true}]}}