{"id":1999,"date":"2012-10-28T21:44:01","date_gmt":"2012-10-28T21:44:01","guid":{"rendered":"http:\/\/donesesglesia.cat\/wp_cde\/?p=1999"},"modified":"2012-10-28T21:44:01","modified_gmt":"2012-10-28T21:44:01","slug":"levangeli-del-mes-novembre-2012","status":"publish","type":"post","link":"https:\/\/donesesglesia.cat\/wp_cde\/levangeli-del-mes-novembre-2012\/","title":{"rendered":"L&#8217;evangeli del mes &#8211; Novembre 2012"},"content":{"rendered":"<blockquote>\n<p style=\"text-align: center;\"><a href=\"http:\/\/donesesglesia.cat\/wp_cde\/wp-content\/uploads\/2012\/10\/evangeli-novembre2012.jpg\"><img loading=\"lazy\" decoding=\"async\" class=\"size-full wp-image-2001 aligncenter\" title=\"evangeli-novembre2012\" src=\"http:\/\/donesesglesia.cat\/wp_cde\/wp-content\/uploads\/2012\/10\/evangeli-novembre2012.jpg\" alt=\"\" width=\"486\" height=\"198\" srcset=\"https:\/\/donesesglesia.cat\/wp_cde\/wp-content\/uploads\/2012\/10\/evangeli-novembre2012.jpg 486w, https:\/\/donesesglesia.cat\/wp_cde\/wp-content\/uploads\/2012\/10\/evangeli-novembre2012-300x122.jpg 300w\" sizes=\"auto, (max-width: 486px) 100vw, 486px\" \/><\/a><\/p>\n<p>\u00abDespr\u00e9s d\u2019aix\u00f2, Jes\u00fas anava per cada vila i per cada poble predicant i anunciant la bona nova del Regne de D\u00e9u. L\u2019acompanyaven els Dotze i algunes dones que havien estat curades d\u2019esperits malignes i de malalties: Maria, l\u2019anomenada Magdalena de la qual havien sortit set dimonis, Joana, la muller de Cuses, administrador d\u2019Herodes, Susanna i moltes altres, que els prove\u00efen amb els seus b\u00e9ns.\u00bb (Lluc 8, 1-3).<\/p>\n<p>Per\u00f2 tot d\u2019una Jes\u00fas els va sortir al pas i les va saludar. Elles se li acostaren, se li abra\u00e7aren als peus i el van adorar. Jes\u00fas els digu\u00e9:\u00a0 _ No tingueu por: Aneu a anunciar als meus germans que vagin a Galilea . All\u00e0 em veuran. (Mateu 29, 9-10).\u00bb<\/p><\/blockquote>\n<p>L\u2019actitud de Jes\u00fas amb les dones trenca amb tot el que se\u2019ns havia dit.<br \/>\n(Mari\u00e1ngeles Cosculluela i M\u00aa Pau Trayner, <em>Y todo empez\u00f3 en Galilea<\/em>)<\/p>\n","protected":false},"excerpt":{"rendered":"<p>\u00abDespr\u00e9s d\u2019aix\u00f2, Jes\u00fas anava per cada vila i per cada poble predicant i anunciant la bona nova del Regne de D\u00e9u. L\u2019acompanyaven els Dotze i algunes dones que havien estat [&hellip;]<\/p>\n","protected":false},"author":1,"featured_media":2001,"comment_status":"closed","ping_status":"closed","sticky":false,"template":"","format":"standard","meta":{"footnotes":""},"categories":[14],"tags":[],"class_list":["post-1999","post","type-post","status-publish","format-standard","has-post-thumbnail","hentry","category-levangeli-del-mes"],"_links":{"self":[{"href":"https:\/\/donesesglesia.cat\/wp_cde\/wp-json\/wp\/v2\/posts\/1999","targetHints":{"allow":["GET"]}}],"collection":[{"href":"https:\/\/donesesglesia.cat\/wp_cde\/wp-json\/wp\/v2\/posts"}],"about":[{"href":"https:\/\/donesesglesia.cat\/wp_cde\/wp-json\/wp\/v2\/types\/post"}],"author":[{"embeddable":true,"href":"https:\/\/donesesglesia.cat\/wp_cde\/wp-json\/wp\/v2\/users\/1"}],"replies":[{"embeddable":true,"href":"https:\/\/donesesglesia.cat\/wp_cde\/wp-json\/wp\/v2\/comments?post=1999"}],"version-history":[{"count":0,"href":"https:\/\/donesesglesia.cat\/wp_cde\/wp-json\/wp\/v2\/posts\/1999\/revisions"}],"wp:featuredmedia":[{"embeddable":true,"href":"https:\/\/donesesglesia.cat\/wp_cde\/wp-json\/wp\/v2\/media\/2001"}],"wp:attachment":[{"href":"https:\/\/donesesglesia.cat\/wp_cde\/wp-json\/wp\/v2\/media?parent=1999"}],"wp:term":[{"taxonomy":"category","embeddable":true,"href":"https:\/\/donesesglesia.cat\/wp_cde\/wp-json\/wp\/v2\/categories?post=1999"},{"taxonomy":"post_tag","embeddable":true,"href":"https:\/\/donesesglesia.cat\/wp_cde\/wp-json\/wp\/v2\/tags?post=1999"}],"curies":[{"name":"wp","href":"https:\/\/api.w.org\/{rel}","templated":true}]}}