{"id":1982,"date":"2012-10-28T20:45:03","date_gmt":"2012-10-28T20:45:03","guid":{"rendered":"http:\/\/donesesglesia.cat\/wp_cde\/?p=1982"},"modified":"2012-10-28T20:45:03","modified_gmt":"2012-10-28T20:45:03","slug":"activitats-cde-horta-%e2%80%93-novembre-2012","status":"publish","type":"post","link":"https:\/\/donesesglesia.cat\/wp_cde\/activitats-cde-horta-%e2%80%93-novembre-2012\/","title":{"rendered":"Activitats CDE-Horta \u2013 Novembre 2012"},"content":{"rendered":"<p><a href=\"http:\/\/donesesglesia.cat\/wp_cde\/wp-content\/uploads\/2011\/05\/Horta2007-p.jpg\"><img loading=\"lazy\" decoding=\"async\" class=\"alignnone size-medium wp-image-235\" title=\"Horta\" src=\"http:\/\/donesesglesia.cat\/wp_cde\/wp-content\/uploads\/2011\/05\/Horta2007-p-300x77.jpg\" alt=\"\" width=\"300\" height=\"77\" srcset=\"https:\/\/donesesglesia.cat\/wp_cde\/wp-content\/uploads\/2011\/05\/Horta2007-p-300x77.jpg 300w, https:\/\/donesesglesia.cat\/wp_cde\/wp-content\/uploads\/2011\/05\/Horta2007-p.jpg 350w\" sizes=\"auto, (max-width: 300px) 100vw, 300px\" \/><\/a><strong><\/strong><\/p>\n<p><strong>22 de novembre 2012 \u2013 dijous- a les 18 h.<\/strong><br \/>\nConfer\u00e8ncia: <strong>\u201cMaria Magdalena, l\u2019ap\u00f2stol maltractat\u201d<\/strong> a c\u00e0rrec de Manel Cord\u00f3n i Jim\u00e9nez.<br \/>\nLloc: BIBLIOTECA CAN MARINER. Carrer del Vent, 1 (tocant al C. Horta).<\/p>\n<p><strong>27 de novembre del 2012 \u2013dimarts a les 18 h.<\/strong><br \/>\nConfer\u00e8ncia:<strong> \u201cLa cara femenina de D\u00e9u\u201d<\/strong> per M.Pau Trayner i Vilanova.<br \/>\nLloc: CASAL DE LA FONT D\u2019EN FARGAS. C\/Pedrell, 67-69. Parades de Metro: Carmel, Horta i Vilapiscina. Autobusos: 39 i 117.<\/p>\n","protected":false},"excerpt":{"rendered":"<p>22 de novembre 2012 \u2013 dijous- a les 18 h. Confer\u00e8ncia: \u201cMaria Magdalena, l\u2019ap\u00f2stol maltractat\u201d a c\u00e0rrec de Manel Cord\u00f3n i Jim\u00e9nez. Lloc: BIBLIOTECA CAN MARINER. Carrer del Vent, 1 [&hellip;]<\/p>\n","protected":false},"author":1,"featured_media":235,"comment_status":"closed","ping_status":"closed","sticky":false,"template":"","format":"standard","meta":{"footnotes":""},"categories":[8],"tags":[],"class_list":["post-1982","post","type-post","status-publish","format-standard","has-post-thumbnail","hentry","category-activitats-cde-horta"],"_links":{"self":[{"href":"https:\/\/donesesglesia.cat\/wp_cde\/wp-json\/wp\/v2\/posts\/1982","targetHints":{"allow":["GET"]}}],"collection":[{"href":"https:\/\/donesesglesia.cat\/wp_cde\/wp-json\/wp\/v2\/posts"}],"about":[{"href":"https:\/\/donesesglesia.cat\/wp_cde\/wp-json\/wp\/v2\/types\/post"}],"author":[{"embeddable":true,"href":"https:\/\/donesesglesia.cat\/wp_cde\/wp-json\/wp\/v2\/users\/1"}],"replies":[{"embeddable":true,"href":"https:\/\/donesesglesia.cat\/wp_cde\/wp-json\/wp\/v2\/comments?post=1982"}],"version-history":[{"count":0,"href":"https:\/\/donesesglesia.cat\/wp_cde\/wp-json\/wp\/v2\/posts\/1982\/revisions"}],"wp:featuredmedia":[{"embeddable":true,"href":"https:\/\/donesesglesia.cat\/wp_cde\/wp-json\/wp\/v2\/media\/235"}],"wp:attachment":[{"href":"https:\/\/donesesglesia.cat\/wp_cde\/wp-json\/wp\/v2\/media?parent=1982"}],"wp:term":[{"taxonomy":"category","embeddable":true,"href":"https:\/\/donesesglesia.cat\/wp_cde\/wp-json\/wp\/v2\/categories?post=1982"},{"taxonomy":"post_tag","embeddable":true,"href":"https:\/\/donesesglesia.cat\/wp_cde\/wp-json\/wp\/v2\/tags?post=1982"}],"curies":[{"name":"wp","href":"https:\/\/api.w.org\/{rel}","templated":true}]}}