{"id":1980,"date":"2012-10-28T20:41:24","date_gmt":"2012-10-28T20:41:24","guid":{"rendered":"http:\/\/donesesglesia.cat\/wp_cde\/?p=1980"},"modified":"2012-10-28T20:41:24","modified_gmt":"2012-10-28T20:41:24","slug":"activitats-cde-sarria-orlandai-%e2%80%93-novembre-2012","status":"publish","type":"post","link":"https:\/\/donesesglesia.cat\/wp_cde\/activitats-cde-sarria-orlandai-%e2%80%93-novembre-2012\/","title":{"rendered":"Activitats CDE-Sarri\u00e0 &#8220;Orlandai&#8221; \u2013 Novembre 2012"},"content":{"rendered":"<p><a href=\"http:\/\/donesesglesia.cat\/wp_cde\/wp-content\/uploads\/2011\/05\/Orlandai-p.jpg\"><img loading=\"lazy\" decoding=\"async\" class=\"alignnone size-medium wp-image-231\" title=\"Orlandai-p\" src=\"http:\/\/donesesglesia.cat\/wp_cde\/wp-content\/uploads\/2011\/05\/Orlandai-p-300x77.jpg\" alt=\"\" width=\"300\" height=\"77\" srcset=\"https:\/\/donesesglesia.cat\/wp_cde\/wp-content\/uploads\/2011\/05\/Orlandai-p-300x77.jpg 300w, https:\/\/donesesglesia.cat\/wp_cde\/wp-content\/uploads\/2011\/05\/Orlandai-p.jpg 350w\" sizes=\"auto, (max-width: 300px) 100vw, 300px\" \/><\/a><strong><\/strong><\/p>\n<p><strong>8 de novembre del 2012 \u2013 dijous- a les 18 h.<\/strong><br \/>\nConfer\u00e8ncia: <strong><\/strong> per M.Ant\u00f2nia Sabater i Montserrat.<br \/>\nLloc: Centre C\u00edvic Orlandai, C. Jaume Piquet, 23. (FGC. parada Sarri\u00e0 sortida per Verge de N\u00faria).<\/p>\n","protected":false},"excerpt":{"rendered":"<p>8 de novembre del 2012 \u2013 dijous- a les 18 h. Confer\u00e8ncia: per M.Ant\u00f2nia Sabater i Montserrat. Lloc: Centre C\u00edvic Orlandai, C. Jaume Piquet, 23. (FGC. parada Sarri\u00e0 sortida per [&hellip;]<\/p>\n","protected":false},"author":1,"featured_media":231,"comment_status":"closed","ping_status":"closed","sticky":false,"template":"","format":"standard","meta":{"footnotes":""},"categories":[11],"tags":[],"class_list":["post-1980","post","type-post","status-publish","format-standard","has-post-thumbnail","hentry","category-activitats-cde-sarria-orlandai"],"_links":{"self":[{"href":"https:\/\/donesesglesia.cat\/wp_cde\/wp-json\/wp\/v2\/posts\/1980","targetHints":{"allow":["GET"]}}],"collection":[{"href":"https:\/\/donesesglesia.cat\/wp_cde\/wp-json\/wp\/v2\/posts"}],"about":[{"href":"https:\/\/donesesglesia.cat\/wp_cde\/wp-json\/wp\/v2\/types\/post"}],"author":[{"embeddable":true,"href":"https:\/\/donesesglesia.cat\/wp_cde\/wp-json\/wp\/v2\/users\/1"}],"replies":[{"embeddable":true,"href":"https:\/\/donesesglesia.cat\/wp_cde\/wp-json\/wp\/v2\/comments?post=1980"}],"version-history":[{"count":0,"href":"https:\/\/donesesglesia.cat\/wp_cde\/wp-json\/wp\/v2\/posts\/1980\/revisions"}],"wp:featuredmedia":[{"embeddable":true,"href":"https:\/\/donesesglesia.cat\/wp_cde\/wp-json\/wp\/v2\/media\/231"}],"wp:attachment":[{"href":"https:\/\/donesesglesia.cat\/wp_cde\/wp-json\/wp\/v2\/media?parent=1980"}],"wp:term":[{"taxonomy":"category","embeddable":true,"href":"https:\/\/donesesglesia.cat\/wp_cde\/wp-json\/wp\/v2\/categories?post=1980"},{"taxonomy":"post_tag","embeddable":true,"href":"https:\/\/donesesglesia.cat\/wp_cde\/wp-json\/wp\/v2\/tags?post=1980"}],"curies":[{"name":"wp","href":"https:\/\/api.w.org\/{rel}","templated":true}]}}