{"id":1978,"date":"2012-10-28T20:38:42","date_gmt":"2012-10-28T20:38:42","guid":{"rendered":"http:\/\/donesesglesia.cat\/wp_cde\/?p=1978"},"modified":"2012-10-28T20:38:42","modified_gmt":"2012-10-28T20:38:42","slug":"activitats-cde-girona-%e2%80%93-novembre-2012","status":"publish","type":"post","link":"https:\/\/donesesglesia.cat\/wp_cde\/activitats-cde-girona-%e2%80%93-novembre-2012\/","title":{"rendered":"Activitats CDE-Girona \u2013 Novembre 2012"},"content":{"rendered":"<p><a href=\"http:\/\/donesesglesia.cat\/wp_cde\/wp-content\/uploads\/2011\/04\/Girona-p.jpg\"><img loading=\"lazy\" decoding=\"async\" class=\"alignnone size-medium wp-image-448\" title=\"Girona-p\" src=\"http:\/\/donesesglesia.cat\/wp_cde\/wp-content\/uploads\/2011\/04\/Girona-p-300x112.jpg\" alt=\"\" width=\"300\" height=\"112\" srcset=\"https:\/\/donesesglesia.cat\/wp_cde\/wp-content\/uploads\/2011\/04\/Girona-p-300x112.jpg 300w, https:\/\/donesesglesia.cat\/wp_cde\/wp-content\/uploads\/2011\/04\/Girona-p.jpg 350w\" sizes=\"auto, (max-width: 300px) 100vw, 300px\" \/><\/a><strong><\/strong><\/p>\n<p><strong>13 de novembre del 2012 \u2013 dimarts- a les 18 h.<\/strong><br \/>\nConfer\u00e8ncia II: <strong>\u201cLa formaci\u00f3 i evoluci\u00f3 de la religi\u00f3 d\u2019Israel\u201d<\/strong> (Cicle de 4 confer\u00e8ncies). A c\u00e0rrec de M.Assumpta Torrents i Gardela.<br \/>\nLloc: Centre C\u00edvic Pla de Palau, C\/ Saragossa, 27, Girona.<\/p>\n","protected":false},"excerpt":{"rendered":"<p>13 de novembre del 2012 \u2013 dimarts- a les 18 h. Confer\u00e8ncia II: \u201cLa formaci\u00f3 i evoluci\u00f3 de la religi\u00f3 d\u2019Israel\u201d (Cicle de 4 confer\u00e8ncies). A c\u00e0rrec de M.Assumpta Torrents [&hellip;]<\/p>\n","protected":false},"author":1,"featured_media":448,"comment_status":"closed","ping_status":"closed","sticky":false,"template":"","format":"standard","meta":{"footnotes":""},"categories":[7],"tags":[],"class_list":["post-1978","post","type-post","status-publish","format-standard","has-post-thumbnail","hentry","category-activitats-cde-girona"],"_links":{"self":[{"href":"https:\/\/donesesglesia.cat\/wp_cde\/wp-json\/wp\/v2\/posts\/1978","targetHints":{"allow":["GET"]}}],"collection":[{"href":"https:\/\/donesesglesia.cat\/wp_cde\/wp-json\/wp\/v2\/posts"}],"about":[{"href":"https:\/\/donesesglesia.cat\/wp_cde\/wp-json\/wp\/v2\/types\/post"}],"author":[{"embeddable":true,"href":"https:\/\/donesesglesia.cat\/wp_cde\/wp-json\/wp\/v2\/users\/1"}],"replies":[{"embeddable":true,"href":"https:\/\/donesesglesia.cat\/wp_cde\/wp-json\/wp\/v2\/comments?post=1978"}],"version-history":[{"count":0,"href":"https:\/\/donesesglesia.cat\/wp_cde\/wp-json\/wp\/v2\/posts\/1978\/revisions"}],"wp:featuredmedia":[{"embeddable":true,"href":"https:\/\/donesesglesia.cat\/wp_cde\/wp-json\/wp\/v2\/media\/448"}],"wp:attachment":[{"href":"https:\/\/donesesglesia.cat\/wp_cde\/wp-json\/wp\/v2\/media?parent=1978"}],"wp:term":[{"taxonomy":"category","embeddable":true,"href":"https:\/\/donesesglesia.cat\/wp_cde\/wp-json\/wp\/v2\/categories?post=1978"},{"taxonomy":"post_tag","embeddable":true,"href":"https:\/\/donesesglesia.cat\/wp_cde\/wp-json\/wp\/v2\/tags?post=1978"}],"curies":[{"name":"wp","href":"https:\/\/api.w.org\/{rel}","templated":true}]}}