{"id":1923,"date":"2012-09-30T19:02:57","date_gmt":"2012-09-30T19:02:57","guid":{"rendered":"http:\/\/donesesglesia.cat\/wp_cde\/?p=1923"},"modified":"2022-04-07T16:55:56","modified_gmt":"2022-04-07T14:55:56","slug":"levangeli-del-mes-octubre-2012","status":"publish","type":"post","link":"https:\/\/donesesglesia.cat\/wp_cde\/levangeli-del-mes-octubre-2012\/","title":{"rendered":"L\u2019evangeli del mes &#8211; Octubre 2012"},"content":{"rendered":"<blockquote>\n<p>[&#8230;] Quedi clar, per comen\u00e7ar, que quan K\u00fcng i jo mateix parlem d\u2019Esgl\u00e9sia, entenem la comunitat d\u2019aquells que se senten compromesos amb la figura i la causa de Jes\u00fas, el focus de la qual consisteix en l\u2019amor incondicional, en la centralitat dels pobres i invisibles, en la germanor de tots els \u00e9ssers humans i en la revelaci\u00f3 que som fills i filles de D\u00e9u, sent el mateix Jes\u00fas qui va deixar entreveure que ell era el Fill de D\u00e9u mateix que va assumir la nostra humanitat contradict\u00f2ria. Aquest \u00e9s el sentit originari i veritable d&#8217;Esgl\u00e9sia. Per\u00f2 hist\u00f2ricament la paraula Esgl\u00e9sia ha estat apropiada per la jerarquia (des del papa als capellans); la jerarquia s\u2019identifica com a Esgl\u00e9sia<em> tout court<\/em> i es presenta com l&#8217;Esgl\u00e9sia. [&#8230;]<\/p>\n<p>Leonardo Boff,\u00a0 &#8220;T\u00e9 salvaci\u00f3 l\u2019Esgl\u00e9sia?&#8221; (14 de setembre 2012)<\/p>\n<\/blockquote>\n","protected":false},"excerpt":{"rendered":"<p>[&#8230;] Quedi clar, per comen\u00e7ar, que quan K\u00fcng i jo mateix parlem d\u2019Esgl\u00e9sia, entenem la comunitat d\u2019aquells que se senten compromesos amb la figura i la causa de Jes\u00fas, el [&hellip;]<\/p>\n","protected":false},"author":1,"featured_media":0,"comment_status":"closed","ping_status":"closed","sticky":false,"template":"","format":"standard","meta":{"footnotes":""},"categories":[14],"tags":[],"class_list":["post-1923","post","type-post","status-publish","format-standard","hentry","category-levangeli-del-mes"],"_links":{"self":[{"href":"https:\/\/donesesglesia.cat\/wp_cde\/wp-json\/wp\/v2\/posts\/1923","targetHints":{"allow":["GET"]}}],"collection":[{"href":"https:\/\/donesesglesia.cat\/wp_cde\/wp-json\/wp\/v2\/posts"}],"about":[{"href":"https:\/\/donesesglesia.cat\/wp_cde\/wp-json\/wp\/v2\/types\/post"}],"author":[{"embeddable":true,"href":"https:\/\/donesesglesia.cat\/wp_cde\/wp-json\/wp\/v2\/users\/1"}],"replies":[{"embeddable":true,"href":"https:\/\/donesesglesia.cat\/wp_cde\/wp-json\/wp\/v2\/comments?post=1923"}],"version-history":[{"count":2,"href":"https:\/\/donesesglesia.cat\/wp_cde\/wp-json\/wp\/v2\/posts\/1923\/revisions"}],"predecessor-version":[{"id":7429,"href":"https:\/\/donesesglesia.cat\/wp_cde\/wp-json\/wp\/v2\/posts\/1923\/revisions\/7429"}],"wp:attachment":[{"href":"https:\/\/donesesglesia.cat\/wp_cde\/wp-json\/wp\/v2\/media?parent=1923"}],"wp:term":[{"taxonomy":"category","embeddable":true,"href":"https:\/\/donesesglesia.cat\/wp_cde\/wp-json\/wp\/v2\/categories?post=1923"},{"taxonomy":"post_tag","embeddable":true,"href":"https:\/\/donesesglesia.cat\/wp_cde\/wp-json\/wp\/v2\/tags?post=1923"}],"curies":[{"name":"wp","href":"https:\/\/api.w.org\/{rel}","templated":true}]}}