{"id":1912,"date":"2012-09-30T18:34:54","date_gmt":"2012-09-30T18:34:54","guid":{"rendered":"http:\/\/donesesglesia.cat\/wp_cde\/?p=1912"},"modified":"2012-09-30T18:34:54","modified_gmt":"2012-09-30T18:34:54","slug":"activitats-cde-horta-%e2%80%93-octubre-2012","status":"publish","type":"post","link":"https:\/\/donesesglesia.cat\/wp_cde\/activitats-cde-horta-%e2%80%93-octubre-2012\/","title":{"rendered":"Activitats CDE-Horta \u2013 Octubre 2012"},"content":{"rendered":"<p><a href=\"http:\/\/donesesglesia.cat\/wp_cde\/wp-content\/uploads\/2011\/05\/Horta2007-p.jpg\"><img loading=\"lazy\" decoding=\"async\" class=\"alignnone size-full wp-image-235\" title=\"Horta\" src=\"http:\/\/donesesglesia.cat\/wp_cde\/wp-content\/uploads\/2011\/05\/Horta2007-p.jpg\" alt=\"\" width=\"350\" height=\"90\" srcset=\"https:\/\/donesesglesia.cat\/wp_cde\/wp-content\/uploads\/2011\/05\/Horta2007-p.jpg 350w, https:\/\/donesesglesia.cat\/wp_cde\/wp-content\/uploads\/2011\/05\/Horta2007-p-300x77.jpg 300w\" sizes=\"auto, (max-width: 350px) 100vw, 350px\" \/><\/a><\/p>\n<p><strong>18 d\u2019octubre 2012 \u2013 dijous- a les 18 h.<\/strong><br \/>\nConfer\u00e8ncia: <strong>\u201cLes tres creacions\u201d<\/strong>, a c\u00e0rrec de M. Pau Trayner Vilanova.<br \/>\nLloc: Biblioteca Can Mariner. Carrer del Vent, 1 tocant al\u00a0 c\/Horta.<\/p>\n<p><strong>23 d\u2019octubre del 2012 \u2013dimarts a les 18 h.<\/strong><br \/>\n<strong>\u201cL\u2019amor hum\u00e0 en el C\u00e0ntic dels C\u00e0ntics\u201d<\/strong>, per M.Assumpta Torrets Gardela.<br \/>\nLloc: Casal de la Font d&#8217;en Fargas. C\/Pedrell, 67-69. Parades de Metro: Carmel, Horta i Vilapiscina. Autobusos: 39 i 117.<\/p>\n","protected":false},"excerpt":{"rendered":"<p>18 d\u2019octubre 2012 \u2013 dijous- a les 18 h. Confer\u00e8ncia: \u201cLes tres creacions\u201d, a c\u00e0rrec de M. Pau Trayner Vilanova. Lloc: Biblioteca Can Mariner. Carrer del Vent, 1 tocant al\u00a0 [&hellip;]<\/p>\n","protected":false},"author":1,"featured_media":235,"comment_status":"closed","ping_status":"closed","sticky":false,"template":"","format":"standard","meta":{"footnotes":""},"categories":[8],"tags":[],"class_list":["post-1912","post","type-post","status-publish","format-standard","has-post-thumbnail","hentry","category-activitats-cde-horta"],"_links":{"self":[{"href":"https:\/\/donesesglesia.cat\/wp_cde\/wp-json\/wp\/v2\/posts\/1912","targetHints":{"allow":["GET"]}}],"collection":[{"href":"https:\/\/donesesglesia.cat\/wp_cde\/wp-json\/wp\/v2\/posts"}],"about":[{"href":"https:\/\/donesesglesia.cat\/wp_cde\/wp-json\/wp\/v2\/types\/post"}],"author":[{"embeddable":true,"href":"https:\/\/donesesglesia.cat\/wp_cde\/wp-json\/wp\/v2\/users\/1"}],"replies":[{"embeddable":true,"href":"https:\/\/donesesglesia.cat\/wp_cde\/wp-json\/wp\/v2\/comments?post=1912"}],"version-history":[{"count":0,"href":"https:\/\/donesesglesia.cat\/wp_cde\/wp-json\/wp\/v2\/posts\/1912\/revisions"}],"wp:featuredmedia":[{"embeddable":true,"href":"https:\/\/donesesglesia.cat\/wp_cde\/wp-json\/wp\/v2\/media\/235"}],"wp:attachment":[{"href":"https:\/\/donesesglesia.cat\/wp_cde\/wp-json\/wp\/v2\/media?parent=1912"}],"wp:term":[{"taxonomy":"category","embeddable":true,"href":"https:\/\/donesesglesia.cat\/wp_cde\/wp-json\/wp\/v2\/categories?post=1912"},{"taxonomy":"post_tag","embeddable":true,"href":"https:\/\/donesesglesia.cat\/wp_cde\/wp-json\/wp\/v2\/tags?post=1912"}],"curies":[{"name":"wp","href":"https:\/\/api.w.org\/{rel}","templated":true}]}}