{"id":1907,"date":"2012-09-30T18:28:30","date_gmt":"2012-09-30T18:28:30","guid":{"rendered":"http:\/\/donesesglesia.cat\/wp_cde\/?p=1907"},"modified":"2012-09-30T18:28:30","modified_gmt":"2012-09-30T18:28:30","slug":"activitats-cde-girona-octubre-2012","status":"publish","type":"post","link":"https:\/\/donesesglesia.cat\/wp_cde\/activitats-cde-girona-octubre-2012\/","title":{"rendered":"Activitats CDE-Girona &#8211; Octubre 2012"},"content":{"rendered":"<p><a href=\"http:\/\/donesesglesia.cat\/wp_cde\/wp-content\/uploads\/2011\/04\/Girona-p.jpg\"><img loading=\"lazy\" decoding=\"async\" class=\"alignnone size-full wp-image-448\" title=\"Girona-p\" src=\"http:\/\/donesesglesia.cat\/wp_cde\/wp-content\/uploads\/2011\/04\/Girona-p.jpg\" alt=\"\" width=\"350\" height=\"131\" srcset=\"https:\/\/donesesglesia.cat\/wp_cde\/wp-content\/uploads\/2011\/04\/Girona-p.jpg 350w, https:\/\/donesesglesia.cat\/wp_cde\/wp-content\/uploads\/2011\/04\/Girona-p-300x112.jpg 300w\" sizes=\"auto, (max-width: 350px) 100vw, 350px\" \/><\/a><\/p>\n<p><strong>2 d\u2019octubre del 2012 \u2013 dimarts- de 17 a 19 h.<\/strong><br \/>\nTarda de Cinema: <strong>\u201cLas chicas del calendario\u201d<\/strong>.<\/p>\n<p><strong>9 d\u2019octubre del 2012 \u2013dimarts- a les 18 h.<\/strong><br \/>\nConfer\u00e8ncia I: <strong>\u201cLa religi\u00f3 de la 1a \u00e8poca. Jezabel\u201d<\/strong>.<br \/>\nCicle de 4 confer\u00e8ncies sobre: Formaci\u00f3 i evoluci\u00f3 de la religi\u00f3 d\u2019Israel. A c\u00e0rrec de M.Assumpta Torrents Gardela.<\/p>\n<p><strong>16 d\u2019octubre del 2012 \u2013 dimarts \u2013 de 17 a 18 h.<\/strong><br \/>\n<strong>Reuni\u00f3 ordin\u00e0ria del CDE<\/strong>.<\/p>\n<p><strong>16 d\u2019octubre del 2012 \u2013 dimarts \u2013 de 18 a 19 h.<\/strong><br \/>\nPreg\u00e0ria: <strong>\u201cMemorial del Senyor\u201d<\/strong>.<\/p>\n<p><strong>25 d\u2019octubre del 2012 \u2013 dimarts \u2013 de 17 a 19 h.<\/strong><br \/>\nAprofundiment de les classes.<\/p>\n<p>Totes les activitats tindran lloc al Centre C\u00edvic Pla de Palau, C\/ Saragossa, 27 Girona.<\/p>\n","protected":false},"excerpt":{"rendered":"<p>2 d\u2019octubre del 2012 \u2013 dimarts- de 17 a 19 h. Tarda de Cinema: \u201cLas chicas del calendario\u201d. 9 d\u2019octubre del 2012 \u2013dimarts- a les 18 h. Confer\u00e8ncia I: \u201cLa [&hellip;]<\/p>\n","protected":false},"author":1,"featured_media":448,"comment_status":"closed","ping_status":"closed","sticky":false,"template":"","format":"standard","meta":{"footnotes":""},"categories":[7],"tags":[],"class_list":["post-1907","post","type-post","status-publish","format-standard","has-post-thumbnail","hentry","category-activitats-cde-girona"],"_links":{"self":[{"href":"https:\/\/donesesglesia.cat\/wp_cde\/wp-json\/wp\/v2\/posts\/1907","targetHints":{"allow":["GET"]}}],"collection":[{"href":"https:\/\/donesesglesia.cat\/wp_cde\/wp-json\/wp\/v2\/posts"}],"about":[{"href":"https:\/\/donesesglesia.cat\/wp_cde\/wp-json\/wp\/v2\/types\/post"}],"author":[{"embeddable":true,"href":"https:\/\/donesesglesia.cat\/wp_cde\/wp-json\/wp\/v2\/users\/1"}],"replies":[{"embeddable":true,"href":"https:\/\/donesesglesia.cat\/wp_cde\/wp-json\/wp\/v2\/comments?post=1907"}],"version-history":[{"count":0,"href":"https:\/\/donesesglesia.cat\/wp_cde\/wp-json\/wp\/v2\/posts\/1907\/revisions"}],"wp:featuredmedia":[{"embeddable":true,"href":"https:\/\/donesesglesia.cat\/wp_cde\/wp-json\/wp\/v2\/media\/448"}],"wp:attachment":[{"href":"https:\/\/donesesglesia.cat\/wp_cde\/wp-json\/wp\/v2\/media?parent=1907"}],"wp:term":[{"taxonomy":"category","embeddable":true,"href":"https:\/\/donesesglesia.cat\/wp_cde\/wp-json\/wp\/v2\/categories?post=1907"},{"taxonomy":"post_tag","embeddable":true,"href":"https:\/\/donesesglesia.cat\/wp_cde\/wp-json\/wp\/v2\/tags?post=1907"}],"curies":[{"name":"wp","href":"https:\/\/api.w.org\/{rel}","templated":true}]}}