{"id":1866,"date":"2012-07-03T15:49:16","date_gmt":"2012-07-03T15:49:16","guid":{"rendered":"http:\/\/donesesglesia.cat\/wp_cde\/?p=1866"},"modified":"2012-07-03T15:49:16","modified_gmt":"2012-07-03T15:49:16","slug":"levangeli-del-mes-juliol-agost-2012","status":"publish","type":"post","link":"https:\/\/donesesglesia.cat\/wp_cde\/levangeli-del-mes-juliol-agost-2012\/","title":{"rendered":"L&#8217;evangeli del mes &#8211; Juliol-agost 2012"},"content":{"rendered":"<blockquote><p><a href=\"http:\/\/donesesglesia.cat\/wp_cde\/wp-content\/uploads\/2012\/07\/evangeli-juliol.jpg\"><img loading=\"lazy\" decoding=\"async\" class=\"alignnone size-medium wp-image-1867\" title=\"evangeli-juliol\" src=\"http:\/\/donesesglesia.cat\/wp_cde\/wp-content\/uploads\/2012\/07\/evangeli-juliol-300x225.jpg\" alt=\"\" width=\"300\" height=\"225\" srcset=\"https:\/\/donesesglesia.cat\/wp_cde\/wp-content\/uploads\/2012\/07\/evangeli-juliol-300x225.jpg 300w, https:\/\/donesesglesia.cat\/wp_cde\/wp-content\/uploads\/2012\/07\/evangeli-juliol.jpg 600w\" sizes=\"auto, (max-width: 300px) 100vw, 300px\" \/><\/a><\/p>\n<p>\u00abJes\u00fas els digu\u00e9: \u201cPer qu\u00e8 sou tan covards? Encara no teniu fe?\u201d\u00bb (Mc 4, 40)<\/p><\/blockquote>\n<p>Qu\u00e8 ens passa als cristians? Per qu\u00e8 tenim tantes pors per afrontar aquests temps crucials, i tan poca confian\u00e7a en Jes\u00fas? \u00bfNo \u00e9s la por d\u2019enfonsar-nos el que ens bloqueja? \u00bfNo \u00e9s la recerca cega de seguretat el que ens impedeix fer una lectura l\u00facida, responsable i confiada d\u2019aquests temps? Per qu\u00e8 ens resistim a veure que D\u00e9u condueix l&#8217;Esgl\u00e9sia cap a un futur m\u00e9s fidel a Jes\u00fas i el seu Evangeli? Per qu\u00e8 busquem seguretat en el conegut i establert en el passat, i no escoltem la crida de Jes\u00fas a &#8220;passar a l\u2019altra riba&#8221; per sembrar humilment la seva Bona Not\u00edcia en un m\u00f3n indiferent a D\u00e9u, per\u00f2 tan necessitat d\u2019esperan\u00e7a?<\/p>\n<p>(Jos\u00e9 Antonio Pagola, <em>ecleSALia<\/em>, 20.06.2012)<\/p>\n","protected":false},"excerpt":{"rendered":"<p>\u00abJes\u00fas els digu\u00e9: \u201cPer qu\u00e8 sou tan covards? Encara no teniu fe?\u201d\u00bb (Mc 4, 40) Qu\u00e8 ens passa als cristians? Per qu\u00e8 tenim tantes pors per afrontar aquests temps crucials, [&hellip;]<\/p>\n","protected":false},"author":1,"featured_media":1867,"comment_status":"closed","ping_status":"closed","sticky":false,"template":"","format":"standard","meta":{"footnotes":""},"categories":[14],"tags":[],"class_list":["post-1866","post","type-post","status-publish","format-standard","has-post-thumbnail","hentry","category-levangeli-del-mes"],"_links":{"self":[{"href":"https:\/\/donesesglesia.cat\/wp_cde\/wp-json\/wp\/v2\/posts\/1866","targetHints":{"allow":["GET"]}}],"collection":[{"href":"https:\/\/donesesglesia.cat\/wp_cde\/wp-json\/wp\/v2\/posts"}],"about":[{"href":"https:\/\/donesesglesia.cat\/wp_cde\/wp-json\/wp\/v2\/types\/post"}],"author":[{"embeddable":true,"href":"https:\/\/donesesglesia.cat\/wp_cde\/wp-json\/wp\/v2\/users\/1"}],"replies":[{"embeddable":true,"href":"https:\/\/donesesglesia.cat\/wp_cde\/wp-json\/wp\/v2\/comments?post=1866"}],"version-history":[{"count":0,"href":"https:\/\/donesesglesia.cat\/wp_cde\/wp-json\/wp\/v2\/posts\/1866\/revisions"}],"wp:featuredmedia":[{"embeddable":true,"href":"https:\/\/donesesglesia.cat\/wp_cde\/wp-json\/wp\/v2\/media\/1867"}],"wp:attachment":[{"href":"https:\/\/donesesglesia.cat\/wp_cde\/wp-json\/wp\/v2\/media?parent=1866"}],"wp:term":[{"taxonomy":"category","embeddable":true,"href":"https:\/\/donesesglesia.cat\/wp_cde\/wp-json\/wp\/v2\/categories?post=1866"},{"taxonomy":"post_tag","embeddable":true,"href":"https:\/\/donesesglesia.cat\/wp_cde\/wp-json\/wp\/v2\/tags?post=1866"}],"curies":[{"name":"wp","href":"https:\/\/api.w.org\/{rel}","templated":true}]}}