{"id":1760,"date":"2012-04-29T18:47:31","date_gmt":"2012-04-29T18:47:31","guid":{"rendered":"http:\/\/donesesglesia.cat\/wp_cde\/?p=1760"},"modified":"2012-04-29T18:48:21","modified_gmt":"2012-04-29T18:48:21","slug":"activitats-cde-horta-maig-2012","status":"publish","type":"post","link":"https:\/\/donesesglesia.cat\/wp_cde\/activitats-cde-horta-maig-2012\/","title":{"rendered":"Activitats CDE-Horta &#8211; Maig 2012"},"content":{"rendered":"<p><a href=\"http:\/\/donesesglesia.cat\/wp_cde\/wp-content\/uploads\/2011\/05\/Horta2007-p.jpg\"><img loading=\"lazy\" decoding=\"async\" class=\"alignnone size-full wp-image-235\" title=\"Horta\" src=\"http:\/\/donesesglesia.cat\/wp_cde\/wp-content\/uploads\/2011\/05\/Horta2007-p.jpg\" alt=\"\" width=\"350\" height=\"90\" srcset=\"https:\/\/donesesglesia.cat\/wp_cde\/wp-content\/uploads\/2011\/05\/Horta2007-p.jpg 350w, https:\/\/donesesglesia.cat\/wp_cde\/wp-content\/uploads\/2011\/05\/Horta2007-p-300x77.jpg 300w\" sizes=\"auto, (max-width: 350px) 100vw, 350px\" \/><\/a><\/p>\n<p><strong>ACTIVITATS DE BARCELONA \u2013 HORTA \u201cSAFA\u201d<\/strong><\/p>\n<p><strong>4 de maig del 2012 \u2013 divendres, a les 21 h. Confer\u00e8ncia \u201cLa formaci\u00f3 del Segon Testament. Criteris d\u2019ortod\u00f2xia i crit\u00e8ris pol\u00edtics\u201d<\/strong>, a c\u00e0rrec de Manel Cord\u00f3n. Es realitzar\u00e0 al c\/Peris Mencheta 26.<\/p>\n<p><strong>ACTIVITATS DE BARCELONA \u2013 HORTA-Biblioteca (Can Mariner)<\/strong><\/p>\n<p><strong>24 de maig del 2012 \u2013 dijous, a les 18 h. Confer\u00e8ncia \u201cEls manuscrits de Qumram\u201d<\/strong>, per Manel Cord\u00f3n.<\/p>\n<p><strong>31 de maig del 2012 \u2013 dijous, a les 19\u201930 h. \u2013 Reuni\u00f3 de grup<\/strong> per tractar el tema \u201cDones en peu de vetlla\u201d de Lucia Ram\u00f3n.<\/p>\n<p>Aquestes dues activitats es faran a la Biblioteca d\u2019Horta \u2013 Can Mariner, c\/del Vent, 1<\/p>\n<p><strong>ACTIVITATS DE BARCELONA \u2013 HORTA \u2013 Casal de la Font d\u2019en Fargas<\/strong><\/p>\n<p><strong>22 de maig del 2012 \u2013 dimarts, a les 18 h. \u201cLa llibertat religiosa en un estat laic\u201d<\/strong>. Confer\u00e8ncia a c\u00e0rrec de Quim Cervera. (c\/Pedrell, 67-69. Parades de metros: Carmel, Horta, Vilapiscina. Autobusos: 39).<\/p>\n","protected":false},"excerpt":{"rendered":"<p>ACTIVITATS DE BARCELONA \u2013 HORTA \u201cSAFA\u201d 4 de maig del 2012 \u2013 divendres, a les 21 h. Confer\u00e8ncia \u201cLa formaci\u00f3 del Segon Testament. Criteris d\u2019ortod\u00f2xia i crit\u00e8ris pol\u00edtics\u201d, a c\u00e0rrec [&hellip;]<\/p>\n","protected":false},"author":1,"featured_media":235,"comment_status":"closed","ping_status":"closed","sticky":false,"template":"","format":"standard","meta":{"footnotes":""},"categories":[8],"tags":[],"class_list":["post-1760","post","type-post","status-publish","format-standard","has-post-thumbnail","hentry","category-activitats-cde-horta"],"_links":{"self":[{"href":"https:\/\/donesesglesia.cat\/wp_cde\/wp-json\/wp\/v2\/posts\/1760","targetHints":{"allow":["GET"]}}],"collection":[{"href":"https:\/\/donesesglesia.cat\/wp_cde\/wp-json\/wp\/v2\/posts"}],"about":[{"href":"https:\/\/donesesglesia.cat\/wp_cde\/wp-json\/wp\/v2\/types\/post"}],"author":[{"embeddable":true,"href":"https:\/\/donesesglesia.cat\/wp_cde\/wp-json\/wp\/v2\/users\/1"}],"replies":[{"embeddable":true,"href":"https:\/\/donesesglesia.cat\/wp_cde\/wp-json\/wp\/v2\/comments?post=1760"}],"version-history":[{"count":0,"href":"https:\/\/donesesglesia.cat\/wp_cde\/wp-json\/wp\/v2\/posts\/1760\/revisions"}],"wp:featuredmedia":[{"embeddable":true,"href":"https:\/\/donesesglesia.cat\/wp_cde\/wp-json\/wp\/v2\/media\/235"}],"wp:attachment":[{"href":"https:\/\/donesesglesia.cat\/wp_cde\/wp-json\/wp\/v2\/media?parent=1760"}],"wp:term":[{"taxonomy":"category","embeddable":true,"href":"https:\/\/donesesglesia.cat\/wp_cde\/wp-json\/wp\/v2\/categories?post=1760"},{"taxonomy":"post_tag","embeddable":true,"href":"https:\/\/donesesglesia.cat\/wp_cde\/wp-json\/wp\/v2\/tags?post=1760"}],"curies":[{"name":"wp","href":"https:\/\/api.w.org\/{rel}","templated":true}]}}