{"id":1754,"date":"2012-04-29T18:43:00","date_gmt":"2012-04-29T18:43:00","guid":{"rendered":"http:\/\/donesesglesia.cat\/wp_cde\/?p=1754"},"modified":"2012-04-29T18:43:00","modified_gmt":"2012-04-29T18:43:00","slug":"activitats-cde-sarria-orlandai-maig-2012","status":"publish","type":"post","link":"https:\/\/donesesglesia.cat\/wp_cde\/activitats-cde-sarria-orlandai-maig-2012\/","title":{"rendered":"Activitats CDE-Sarri\u00e0 &#8220;Orlandai&#8221; &#8211; Maig 2012"},"content":{"rendered":"<p><a href=\"http:\/\/donesesglesia.cat\/wp_cde\/wp-content\/uploads\/2011\/05\/Orlandai-p.jpg\"><img loading=\"lazy\" decoding=\"async\" class=\"alignnone size-full wp-image-231\" title=\"Orlandai-p\" src=\"http:\/\/donesesglesia.cat\/wp_cde\/wp-content\/uploads\/2011\/05\/Orlandai-p.jpg\" alt=\"\" width=\"350\" height=\"90\" srcset=\"https:\/\/donesesglesia.cat\/wp_cde\/wp-content\/uploads\/2011\/05\/Orlandai-p.jpg 350w, https:\/\/donesesglesia.cat\/wp_cde\/wp-content\/uploads\/2011\/05\/Orlandai-p-300x77.jpg 300w\" sizes=\"auto, (max-width: 350px) 100vw, 350px\" \/><\/a><\/p>\n<p><strong>10 de maig del 2012 \u2013 dijous, a les 18 h. \u2013 \u201cEmma de Barcelona\u201d<\/strong>, confer\u00e8ncia a c\u00e0rrec de Joana Ripoll\u00e8s Ponsi.<br \/>\nLloc: Centre C\u00edvic Orlandai (c\/. Jaume Piquet, 23. FGC. parada Sarri\u00e0 sortida per Verge de N\u00faria).<\/p>\n","protected":false},"excerpt":{"rendered":"<p>10 de maig del 2012 \u2013 dijous, a les 18 h. \u2013 \u201cEmma de Barcelona\u201d, confer\u00e8ncia a c\u00e0rrec de Joana Ripoll\u00e8s Ponsi. Lloc: Centre C\u00edvic Orlandai (c\/. Jaume Piquet, 23. [&hellip;]<\/p>\n","protected":false},"author":1,"featured_media":231,"comment_status":"closed","ping_status":"closed","sticky":false,"template":"","format":"standard","meta":{"footnotes":""},"categories":[11],"tags":[],"class_list":["post-1754","post","type-post","status-publish","format-standard","has-post-thumbnail","hentry","category-activitats-cde-sarria-orlandai"],"_links":{"self":[{"href":"https:\/\/donesesglesia.cat\/wp_cde\/wp-json\/wp\/v2\/posts\/1754","targetHints":{"allow":["GET"]}}],"collection":[{"href":"https:\/\/donesesglesia.cat\/wp_cde\/wp-json\/wp\/v2\/posts"}],"about":[{"href":"https:\/\/donesesglesia.cat\/wp_cde\/wp-json\/wp\/v2\/types\/post"}],"author":[{"embeddable":true,"href":"https:\/\/donesesglesia.cat\/wp_cde\/wp-json\/wp\/v2\/users\/1"}],"replies":[{"embeddable":true,"href":"https:\/\/donesesglesia.cat\/wp_cde\/wp-json\/wp\/v2\/comments?post=1754"}],"version-history":[{"count":0,"href":"https:\/\/donesesglesia.cat\/wp_cde\/wp-json\/wp\/v2\/posts\/1754\/revisions"}],"wp:featuredmedia":[{"embeddable":true,"href":"https:\/\/donesesglesia.cat\/wp_cde\/wp-json\/wp\/v2\/media\/231"}],"wp:attachment":[{"href":"https:\/\/donesesglesia.cat\/wp_cde\/wp-json\/wp\/v2\/media?parent=1754"}],"wp:term":[{"taxonomy":"category","embeddable":true,"href":"https:\/\/donesesglesia.cat\/wp_cde\/wp-json\/wp\/v2\/categories?post=1754"},{"taxonomy":"post_tag","embeddable":true,"href":"https:\/\/donesesglesia.cat\/wp_cde\/wp-json\/wp\/v2\/tags?post=1754"}],"curies":[{"name":"wp","href":"https:\/\/api.w.org\/{rel}","templated":true}]}}