{"id":1706,"date":"2012-03-30T20:19:57","date_gmt":"2012-03-30T20:19:57","guid":{"rendered":"http:\/\/donesesglesia.cat\/wp_cde\/?p=1706"},"modified":"2012-03-30T20:19:57","modified_gmt":"2012-03-30T20:19:57","slug":"activitats-cde-sarria-orlandai-abril-2012","status":"publish","type":"post","link":"https:\/\/donesesglesia.cat\/wp_cde\/activitats-cde-sarria-orlandai-abril-2012\/","title":{"rendered":"Activitats CDE-Sarri\u00e0 &#8220;Orlandai&#8221; &#8211; Abril 2012"},"content":{"rendered":"<p><a href=\"http:\/\/donesesglesia.cat\/wp_cde\/wp-content\/uploads\/2011\/05\/Orlandai-p.jpg\"><img loading=\"lazy\" decoding=\"async\" class=\"size-medium wp-image-231 alignnone\" title=\"Orlandai-p\" src=\"http:\/\/donesesglesia.cat\/wp_cde\/wp-content\/uploads\/2011\/05\/Orlandai-p-300x77.jpg\" alt=\"\" width=\"300\" height=\"77\" srcset=\"https:\/\/donesesglesia.cat\/wp_cde\/wp-content\/uploads\/2011\/05\/Orlandai-p-300x77.jpg 300w, https:\/\/donesesglesia.cat\/wp_cde\/wp-content\/uploads\/2011\/05\/Orlandai-p.jpg 350w\" sizes=\"auto, (max-width: 300px) 100vw, 300px\" \/><\/a><strong><\/strong><\/p>\n<p><strong>12 d\u2019abril del 2012 \u2013 dijous, 18 h. \u2013 \u00a0<em>\u201cOrigen i fonament de la marginaci\u00f3 de les dones\u201d, <\/em><\/strong>confer\u00e8ncia a c\u00e0rrec de Ram\u00f3n Maria Nogu\u00e9s.<\/p>\n<p>Lloc: Centre C\u00edvic Orlandai, c\/. Jaume Piquet, 23. FGC. parada Sarri\u00e0 sortida per Verge de N\u00faria.<\/p>\n","protected":false},"excerpt":{"rendered":"<p>12 d\u2019abril del 2012 \u2013 dijous, 18 h. \u2013 \u00a0\u201cOrigen i fonament de la marginaci\u00f3 de les dones\u201d, confer\u00e8ncia a c\u00e0rrec de Ram\u00f3n Maria Nogu\u00e9s. Lloc: Centre C\u00edvic Orlandai, c\/. [&hellip;]<\/p>\n","protected":false},"author":1,"featured_media":231,"comment_status":"closed","ping_status":"closed","sticky":false,"template":"","format":"standard","meta":{"footnotes":""},"categories":[11],"tags":[],"class_list":["post-1706","post","type-post","status-publish","format-standard","has-post-thumbnail","hentry","category-activitats-cde-sarria-orlandai"],"_links":{"self":[{"href":"https:\/\/donesesglesia.cat\/wp_cde\/wp-json\/wp\/v2\/posts\/1706","targetHints":{"allow":["GET"]}}],"collection":[{"href":"https:\/\/donesesglesia.cat\/wp_cde\/wp-json\/wp\/v2\/posts"}],"about":[{"href":"https:\/\/donesesglesia.cat\/wp_cde\/wp-json\/wp\/v2\/types\/post"}],"author":[{"embeddable":true,"href":"https:\/\/donesesglesia.cat\/wp_cde\/wp-json\/wp\/v2\/users\/1"}],"replies":[{"embeddable":true,"href":"https:\/\/donesesglesia.cat\/wp_cde\/wp-json\/wp\/v2\/comments?post=1706"}],"version-history":[{"count":0,"href":"https:\/\/donesesglesia.cat\/wp_cde\/wp-json\/wp\/v2\/posts\/1706\/revisions"}],"wp:featuredmedia":[{"embeddable":true,"href":"https:\/\/donesesglesia.cat\/wp_cde\/wp-json\/wp\/v2\/media\/231"}],"wp:attachment":[{"href":"https:\/\/donesesglesia.cat\/wp_cde\/wp-json\/wp\/v2\/media?parent=1706"}],"wp:term":[{"taxonomy":"category","embeddable":true,"href":"https:\/\/donesesglesia.cat\/wp_cde\/wp-json\/wp\/v2\/categories?post=1706"},{"taxonomy":"post_tag","embeddable":true,"href":"https:\/\/donesesglesia.cat\/wp_cde\/wp-json\/wp\/v2\/tags?post=1706"}],"curies":[{"name":"wp","href":"https:\/\/api.w.org\/{rel}","templated":true}]}}