{"id":1640,"date":"2012-03-01T21:24:12","date_gmt":"2012-03-01T21:24:12","guid":{"rendered":"http:\/\/donesesglesia.cat\/wp_cde\/?p=1640"},"modified":"2012-03-01T21:24:12","modified_gmt":"2012-03-01T21:24:12","slug":"activitats-cde-sant-just-desvern-marc-2012","status":"publish","type":"post","link":"https:\/\/donesesglesia.cat\/wp_cde\/activitats-cde-sant-just-desvern-marc-2012\/","title":{"rendered":"Activitats CDE-Sant Just Desvern &#8211; Mar\u00e7 2012"},"content":{"rendered":"<p><a href=\"http:\/\/donesesglesia.cat\/wp_cde\/wp-content\/uploads\/2011\/04\/SantJust-p.jpg\"><img loading=\"lazy\" decoding=\"async\" class=\"alignnone size-full wp-image-451\" title=\"SantJust-p\" src=\"http:\/\/donesesglesia.cat\/wp_cde\/wp-content\/uploads\/2011\/04\/SantJust-p.jpg\" alt=\"\" width=\"350\" height=\"103\" srcset=\"https:\/\/donesesglesia.cat\/wp_cde\/wp-content\/uploads\/2011\/04\/SantJust-p.jpg 350w, https:\/\/donesesglesia.cat\/wp_cde\/wp-content\/uploads\/2011\/04\/SantJust-p-300x88.jpg 300w\" sizes=\"auto, (max-width: 350px) 100vw, 350px\" \/><\/a><strong><\/strong><\/p>\n<p><strong>10 de mar\u00e7 del 2012 \u2013 dissabte, 10 h. \u201cSortida al Santuari Ecol\u00f2gic del Castell de Gallifa\u201d<\/strong><br \/>\nJornada de gaudi espiritual i recreatiu, amb visita guiada per veure la Mareded\u00e9u de la Ecologia, i el santuari. Dinar comunitari.<\/p>\n<p><strong>13 de mar\u00e7 del 2012 \u2013 dimarts a les 19 h. Reuni\u00f3 del grup \u201cNostra Dona\u201d<\/strong>.<br \/>\nAcompanyades de Rosaura Rodrigo (Germaneta de Jes\u00fas) qui ens explicar\u00e0 la seva experi\u00e8ncia de vida amb persones excloses. Barri de \u201cLa Palmilla\u201d, una comunitat de M\u00e0laga. Lloc: Parr\u00f2quia de Sant Just i Pastor \u2013 Sant Just Desvern<\/p>\n","protected":false},"excerpt":{"rendered":"<p>10 de mar\u00e7 del 2012 \u2013 dissabte, 10 h. \u201cSortida al Santuari Ecol\u00f2gic del Castell de Gallifa\u201d Jornada de gaudi espiritual i recreatiu, amb visita guiada per veure la Mareded\u00e9u [&hellip;]<\/p>\n","protected":false},"author":1,"featured_media":451,"comment_status":"closed","ping_status":"closed","sticky":false,"template":"","format":"standard","meta":{"footnotes":""},"categories":[18],"tags":[],"class_list":["post-1640","post","type-post","status-publish","format-standard","has-post-thumbnail","hentry","category-activitats-cde-sant-just-desvern"],"_links":{"self":[{"href":"https:\/\/donesesglesia.cat\/wp_cde\/wp-json\/wp\/v2\/posts\/1640","targetHints":{"allow":["GET"]}}],"collection":[{"href":"https:\/\/donesesglesia.cat\/wp_cde\/wp-json\/wp\/v2\/posts"}],"about":[{"href":"https:\/\/donesesglesia.cat\/wp_cde\/wp-json\/wp\/v2\/types\/post"}],"author":[{"embeddable":true,"href":"https:\/\/donesesglesia.cat\/wp_cde\/wp-json\/wp\/v2\/users\/1"}],"replies":[{"embeddable":true,"href":"https:\/\/donesesglesia.cat\/wp_cde\/wp-json\/wp\/v2\/comments?post=1640"}],"version-history":[{"count":0,"href":"https:\/\/donesesglesia.cat\/wp_cde\/wp-json\/wp\/v2\/posts\/1640\/revisions"}],"wp:featuredmedia":[{"embeddable":true,"href":"https:\/\/donesesglesia.cat\/wp_cde\/wp-json\/wp\/v2\/media\/451"}],"wp:attachment":[{"href":"https:\/\/donesesglesia.cat\/wp_cde\/wp-json\/wp\/v2\/media?parent=1640"}],"wp:term":[{"taxonomy":"category","embeddable":true,"href":"https:\/\/donesesglesia.cat\/wp_cde\/wp-json\/wp\/v2\/categories?post=1640"},{"taxonomy":"post_tag","embeddable":true,"href":"https:\/\/donesesglesia.cat\/wp_cde\/wp-json\/wp\/v2\/tags?post=1640"}],"curies":[{"name":"wp","href":"https:\/\/api.w.org\/{rel}","templated":true}]}}