{"id":162,"date":"2011-05-01T20:13:15","date_gmt":"2011-05-01T20:13:15","guid":{"rendered":"http:\/\/donesesglesia.cat\/wp_cde\/?p=162"},"modified":"2011-06-12T21:19:37","modified_gmt":"2011-06-12T21:19:37","slug":"activitats-cde-horta-maig-2011","status":"publish","type":"post","link":"https:\/\/donesesglesia.cat\/wp_cde\/activitats-cde-horta-maig-2011\/","title":{"rendered":"Activitats CDE-Horta &#8211; Maig 2011"},"content":{"rendered":"<p><img loading=\"lazy\" decoding=\"async\" class=\"alignnone size-full wp-image-235\" title=\"Horta\" src=\"http:\/\/donesesglesia.cat\/fotos\/grups\/horta_p.jpg\" alt=\"Horta\" width=\"350\" height=\"90\" \/><\/p>\n<p><strong>19 de maig &#8211; dijous a les 18h \u2013 Simone Weil, exemple de comprom\u00eds radical<\/strong><br \/>\nConfer\u00e8ncia col0loqui presentada per la Merc\u00e8 Otero a la Biblioteca Horta Can Mariner c\/Vent n\u00ba 1.<\/p>\n<p><strong>26 de maig \u2013 dijous a les 17,30 h. \u2013 Reuni\u00f3 del Grup d\u2019Horta<\/strong><br \/>\nLes companyes del grup Horta es trobaran a la Biblioteca Horta Can Mariner c\/ Vent n\u00ba 1, per fer la seva reuni\u00f3 de grup. El tema ser\u00e0 \u201cFer-se c\u00e0rrec, carregar de la realitat\u201d.<\/p>\n","protected":false},"excerpt":{"rendered":"<p>19 de maig &#8211; dijous a les 18h \u2013 Simone Weil, exemple de comprom\u00eds radical Confer\u00e8ncia col0loqui presentada per la Merc\u00e8 Otero a la Biblioteca Horta Can Mariner c\/Vent n\u00ba [&hellip;]<\/p>\n","protected":false},"author":1,"featured_media":235,"comment_status":"closed","ping_status":"closed","sticky":false,"template":"","format":"standard","meta":{"footnotes":""},"categories":[8],"tags":[],"class_list":["post-162","post","type-post","status-publish","format-standard","has-post-thumbnail","hentry","category-activitats-cde-horta"],"_links":{"self":[{"href":"https:\/\/donesesglesia.cat\/wp_cde\/wp-json\/wp\/v2\/posts\/162","targetHints":{"allow":["GET"]}}],"collection":[{"href":"https:\/\/donesesglesia.cat\/wp_cde\/wp-json\/wp\/v2\/posts"}],"about":[{"href":"https:\/\/donesesglesia.cat\/wp_cde\/wp-json\/wp\/v2\/types\/post"}],"author":[{"embeddable":true,"href":"https:\/\/donesesglesia.cat\/wp_cde\/wp-json\/wp\/v2\/users\/1"}],"replies":[{"embeddable":true,"href":"https:\/\/donesesglesia.cat\/wp_cde\/wp-json\/wp\/v2\/comments?post=162"}],"version-history":[{"count":0,"href":"https:\/\/donesesglesia.cat\/wp_cde\/wp-json\/wp\/v2\/posts\/162\/revisions"}],"wp:featuredmedia":[{"embeddable":true,"href":"https:\/\/donesesglesia.cat\/wp_cde\/wp-json\/wp\/v2\/media\/235"}],"wp:attachment":[{"href":"https:\/\/donesesglesia.cat\/wp_cde\/wp-json\/wp\/v2\/media?parent=162"}],"wp:term":[{"taxonomy":"category","embeddable":true,"href":"https:\/\/donesesglesia.cat\/wp_cde\/wp-json\/wp\/v2\/categories?post=162"},{"taxonomy":"post_tag","embeddable":true,"href":"https:\/\/donesesglesia.cat\/wp_cde\/wp-json\/wp\/v2\/tags?post=162"}],"curies":[{"name":"wp","href":"https:\/\/api.w.org\/{rel}","templated":true}]}}