{"id":1596,"date":"2012-01-29T19:40:05","date_gmt":"2012-01-29T19:40:05","guid":{"rendered":"http:\/\/donesesglesia.cat\/wp_cde\/?p=1596"},"modified":"2012-01-29T19:40:05","modified_gmt":"2012-01-29T19:40:05","slug":"activitats-cde-girona-febrer-2012","status":"publish","type":"post","link":"https:\/\/donesesglesia.cat\/wp_cde\/activitats-cde-girona-febrer-2012\/","title":{"rendered":"Activitats CDE-Girona  &#8211; Febrer 2012"},"content":{"rendered":"<p><a href=\"http:\/\/donesesglesia.cat\/wp_cde\/wp-content\/uploads\/2011\/04\/Girona-p.jpg\"><img loading=\"lazy\" decoding=\"async\" class=\"alignnone size-medium wp-image-448\" title=\"Girona-p\" src=\"http:\/\/donesesglesia.cat\/wp_cde\/wp-content\/uploads\/2011\/04\/Girona-p-300x112.jpg\" alt=\"\" width=\"300\" height=\"112\" srcset=\"https:\/\/donesesglesia.cat\/wp_cde\/wp-content\/uploads\/2011\/04\/Girona-p-300x112.jpg 300w, https:\/\/donesesglesia.cat\/wp_cde\/wp-content\/uploads\/2011\/04\/Girona-p.jpg 350w\" sizes=\"auto, (max-width: 300px) 100vw, 300px\" \/><\/a><\/p>\n<p><strong>1 de febrer del 2012 \u2013 dimecres, de 5 a 7 tarda \u2013 Cinema \u201cDiarios de la calle\u201d<\/strong><\/p>\n<p><strong>14 de febrer del 2012 \u2013 dimarts, de 2\/4 de 5 a 8, Inici del 2n semestre del curs de Teologia Feminista \u201cEsquerdes al Patriarcat\u201d<\/strong><br \/>\nal Centre C\u00edvic Pla de Palau, c\/Saragossa, 27 de Girona<\/p>\n<p><strong>15 de febrer del 2012 \u2013 dimecres, de5 a 6 de la tarda reuni\u00f3 ordin\u00e0ria del grup i de 6 a 7 h. Memorial del Senyor<\/strong><br \/>\nTotes aquestes activitats. Es realitzaran en el Centre C\u00edvic Pla de Palau, c\/Saragossa, 27 de Girona<\/p>\n<p><strong>Dia 29 de febrer del 2012 \u2013 dilluns, a les 9 h. Missa a les Carmelites<\/strong><br \/>\nen record de la M. Jes\u00fas, que far\u00e0 un mes aquest dia que descansa en la pau de Jes\u00fas<\/p>\n","protected":false},"excerpt":{"rendered":"<p>1 de febrer del 2012 \u2013 dimecres, de 5 a 7 tarda \u2013 Cinema \u201cDiarios de la calle\u201d 14 de febrer del 2012 \u2013 dimarts, de 2\/4 de 5 a [&hellip;]<\/p>\n","protected":false},"author":1,"featured_media":448,"comment_status":"closed","ping_status":"closed","sticky":false,"template":"","format":"standard","meta":{"footnotes":""},"categories":[7],"tags":[],"class_list":["post-1596","post","type-post","status-publish","format-standard","has-post-thumbnail","hentry","category-activitats-cde-girona"],"_links":{"self":[{"href":"https:\/\/donesesglesia.cat\/wp_cde\/wp-json\/wp\/v2\/posts\/1596","targetHints":{"allow":["GET"]}}],"collection":[{"href":"https:\/\/donesesglesia.cat\/wp_cde\/wp-json\/wp\/v2\/posts"}],"about":[{"href":"https:\/\/donesesglesia.cat\/wp_cde\/wp-json\/wp\/v2\/types\/post"}],"author":[{"embeddable":true,"href":"https:\/\/donesesglesia.cat\/wp_cde\/wp-json\/wp\/v2\/users\/1"}],"replies":[{"embeddable":true,"href":"https:\/\/donesesglesia.cat\/wp_cde\/wp-json\/wp\/v2\/comments?post=1596"}],"version-history":[{"count":0,"href":"https:\/\/donesesglesia.cat\/wp_cde\/wp-json\/wp\/v2\/posts\/1596\/revisions"}],"wp:featuredmedia":[{"embeddable":true,"href":"https:\/\/donesesglesia.cat\/wp_cde\/wp-json\/wp\/v2\/media\/448"}],"wp:attachment":[{"href":"https:\/\/donesesglesia.cat\/wp_cde\/wp-json\/wp\/v2\/media?parent=1596"}],"wp:term":[{"taxonomy":"category","embeddable":true,"href":"https:\/\/donesesglesia.cat\/wp_cde\/wp-json\/wp\/v2\/categories?post=1596"},{"taxonomy":"post_tag","embeddable":true,"href":"https:\/\/donesesglesia.cat\/wp_cde\/wp-json\/wp\/v2\/tags?post=1596"}],"curies":[{"name":"wp","href":"https:\/\/api.w.org\/{rel}","templated":true}]}}