{"id":1398,"date":"2011-11-28T18:55:33","date_gmt":"2011-11-28T18:55:33","guid":{"rendered":"http:\/\/donesesglesia.cat\/wp_cde\/?p=1398"},"modified":"2011-11-29T10:04:36","modified_gmt":"2011-11-29T10:04:36","slug":"activitats-cde-girona","status":"publish","type":"post","link":"https:\/\/donesesglesia.cat\/wp_cde\/activitats-cde-girona\/","title":{"rendered":"Activitats CDE-Girona &#8211; Desembre 2011"},"content":{"rendered":"<p><a href=\"http:\/\/donesesglesia.cat\/wp_cde\/wp-content\/uploads\/2011\/04\/Girona-p.jpg\"><img loading=\"lazy\" decoding=\"async\" class=\"alignnone size-medium wp-image-448\" title=\"Girona-p\" src=\"http:\/\/donesesglesia.cat\/wp_cde\/wp-content\/uploads\/2011\/04\/Girona-p-300x112.jpg\" alt=\"\" width=\"300\" height=\"112\" srcset=\"https:\/\/donesesglesia.cat\/wp_cde\/wp-content\/uploads\/2011\/04\/Girona-p-300x112.jpg 300w, https:\/\/donesesglesia.cat\/wp_cde\/wp-content\/uploads\/2011\/04\/Girona-p.jpg 350w\" sizes=\"auto, (max-width: 300px) 100vw, 300px\" \/><\/a><\/p>\n<p><strong>30 de novembre<\/strong> <strong>\u2013 dimecres<\/strong><br \/>\nVeurem la pel.l\u00edcula: \u201cEl domingo si Dios quiere\u201d, en lloc del dia 7 de desembre 1r dimecres.<\/p>\n<p><strong>3 de desembre<\/strong> \u2013 <strong>dissabte, 17 h.-\u00a0 Presentaci\u00f3 de l\u2019Agenda Llatinoamericana<\/strong>.<br \/>\nLloc: Centre c\u00edvic Pla de Palau, c\/ Saragossa, 27 de Girona.<br \/>\nEns la presentar\u00e0 la Flora Ridaura. A continuaci\u00f3 el grup de Teatre del centre c\u00edvic, recitar\u00e0 uns quants poemes de caire solidari i les \u201cDones d\u2019arreu del m\u00f3n\u201d, del mateix centre c\u00edvic, preparar\u00e0 \u201cpinya colada\u201d per a tothom.<\/p>\n<p><strong>15<\/strong> <strong>de desembre &#8211; dijous &#8211; Preg\u00e0ria<\/strong>.<br \/>\nNo hem decidit encara on la farem. Pens\u00e0vem fer-la rotat\u00f2ria, a casa d\u2019alguna altra s\u00f2cia.<\/p>\n<p><strong>21 de desembre \u2013 dimecres a les 17 h \u2013<\/strong> <strong>Celebraci\u00f3 del Nadal<\/strong><br \/>\nLloc: Centre C\u00edvic Pla de Palau, c\/ Saragossa, 27 de Girona.<\/p>\n","protected":false},"excerpt":{"rendered":"<p>30 de novembre \u2013 dimecres Veurem la pel.l\u00edcula: \u201cEl domingo si Dios quiere\u201d, en lloc del dia 7 de desembre 1r dimecres. 3 de desembre \u2013 dissabte, 17 h.-\u00a0 Presentaci\u00f3 [&hellip;]<\/p>\n","protected":false},"author":1,"featured_media":448,"comment_status":"closed","ping_status":"closed","sticky":false,"template":"","format":"standard","meta":{"footnotes":""},"categories":[7],"tags":[],"class_list":["post-1398","post","type-post","status-publish","format-standard","has-post-thumbnail","hentry","category-activitats-cde-girona"],"_links":{"self":[{"href":"https:\/\/donesesglesia.cat\/wp_cde\/wp-json\/wp\/v2\/posts\/1398","targetHints":{"allow":["GET"]}}],"collection":[{"href":"https:\/\/donesesglesia.cat\/wp_cde\/wp-json\/wp\/v2\/posts"}],"about":[{"href":"https:\/\/donesesglesia.cat\/wp_cde\/wp-json\/wp\/v2\/types\/post"}],"author":[{"embeddable":true,"href":"https:\/\/donesesglesia.cat\/wp_cde\/wp-json\/wp\/v2\/users\/1"}],"replies":[{"embeddable":true,"href":"https:\/\/donesesglesia.cat\/wp_cde\/wp-json\/wp\/v2\/comments?post=1398"}],"version-history":[{"count":0,"href":"https:\/\/donesesglesia.cat\/wp_cde\/wp-json\/wp\/v2\/posts\/1398\/revisions"}],"wp:featuredmedia":[{"embeddable":true,"href":"https:\/\/donesesglesia.cat\/wp_cde\/wp-json\/wp\/v2\/media\/448"}],"wp:attachment":[{"href":"https:\/\/donesesglesia.cat\/wp_cde\/wp-json\/wp\/v2\/media?parent=1398"}],"wp:term":[{"taxonomy":"category","embeddable":true,"href":"https:\/\/donesesglesia.cat\/wp_cde\/wp-json\/wp\/v2\/categories?post=1398"},{"taxonomy":"post_tag","embeddable":true,"href":"https:\/\/donesesglesia.cat\/wp_cde\/wp-json\/wp\/v2\/tags?post=1398"}],"curies":[{"name":"wp","href":"https:\/\/api.w.org\/{rel}","templated":true}]}}