{"id":1338,"date":"2011-11-01T07:27:04","date_gmt":"2011-11-01T07:27:04","guid":{"rendered":"http:\/\/donesesglesia.cat\/wp_cde\/?p=1338"},"modified":"2011-11-03T20:28:26","modified_gmt":"2011-11-03T20:28:26","slug":"activitats-cde-sant-just-desvern-novembre-2011","status":"publish","type":"post","link":"https:\/\/donesesglesia.cat\/wp_cde\/activitats-cde-sant-just-desvern-novembre-2011\/","title":{"rendered":"Activitats CDE-Sant Just Desvern &#8211; Novembre 2011"},"content":{"rendered":"<p><a href=\"http:\/\/donesesglesia.cat\/wp_cde\/wp-content\/uploads\/2011\/04\/SantJust-p.jpg\"><img loading=\"lazy\" decoding=\"async\" class=\"alignnone size-full wp-image-451\" title=\"SantJust-p\" src=\"http:\/\/donesesglesia.cat\/wp_cde\/wp-content\/uploads\/2011\/04\/SantJust-p.jpg\" alt=\"\" width=\"350\" height=\"103\" srcset=\"https:\/\/donesesglesia.cat\/wp_cde\/wp-content\/uploads\/2011\/04\/SantJust-p.jpg 350w, https:\/\/donesesglesia.cat\/wp_cde\/wp-content\/uploads\/2011\/04\/SantJust-p-300x88.jpg 300w\" sizes=\"auto, (max-width: 350px) 100vw, 350px\" \/><\/a><\/p>\n<p><strong>18 de novembre \u2013 divendres 21 h. \u2013 \u201cLes dones en el catarisme\u201d<\/strong><br \/>\nRoser Garriga exposar\u00e0 aquest tema que es far\u00e0 a la Parr\u00f2quia dels Sants Just i Pastor, Pla\u00e7a de l\u2019Esgl\u00e9sia s\/n. de Sant Just Desvern.<\/p>\n","protected":false},"excerpt":{"rendered":"<p>18 de novembre \u2013 divendres 21 h. \u2013 \u201cLes dones en el catarisme\u201d Roser Garriga exposar\u00e0 aquest tema que es far\u00e0 a la Parr\u00f2quia dels Sants Just i Pastor, Pla\u00e7a [&hellip;]<\/p>\n","protected":false},"author":1,"featured_media":451,"comment_status":"closed","ping_status":"closed","sticky":false,"template":"","format":"standard","meta":{"footnotes":""},"categories":[18],"tags":[],"class_list":["post-1338","post","type-post","status-publish","format-standard","has-post-thumbnail","hentry","category-activitats-cde-sant-just-desvern"],"_links":{"self":[{"href":"https:\/\/donesesglesia.cat\/wp_cde\/wp-json\/wp\/v2\/posts\/1338","targetHints":{"allow":["GET"]}}],"collection":[{"href":"https:\/\/donesesglesia.cat\/wp_cde\/wp-json\/wp\/v2\/posts"}],"about":[{"href":"https:\/\/donesesglesia.cat\/wp_cde\/wp-json\/wp\/v2\/types\/post"}],"author":[{"embeddable":true,"href":"https:\/\/donesesglesia.cat\/wp_cde\/wp-json\/wp\/v2\/users\/1"}],"replies":[{"embeddable":true,"href":"https:\/\/donesesglesia.cat\/wp_cde\/wp-json\/wp\/v2\/comments?post=1338"}],"version-history":[{"count":0,"href":"https:\/\/donesesglesia.cat\/wp_cde\/wp-json\/wp\/v2\/posts\/1338\/revisions"}],"wp:featuredmedia":[{"embeddable":true,"href":"https:\/\/donesesglesia.cat\/wp_cde\/wp-json\/wp\/v2\/media\/451"}],"wp:attachment":[{"href":"https:\/\/donesesglesia.cat\/wp_cde\/wp-json\/wp\/v2\/media?parent=1338"}],"wp:term":[{"taxonomy":"category","embeddable":true,"href":"https:\/\/donesesglesia.cat\/wp_cde\/wp-json\/wp\/v2\/categories?post=1338"},{"taxonomy":"post_tag","embeddable":true,"href":"https:\/\/donesesglesia.cat\/wp_cde\/wp-json\/wp\/v2\/tags?post=1338"}],"curies":[{"name":"wp","href":"https:\/\/api.w.org\/{rel}","templated":true}]}}