{"id":1310,"date":"2011-11-01T01:49:10","date_gmt":"2011-11-01T01:49:10","guid":{"rendered":"http:\/\/donesesglesia.cat\/wp_cde\/?p=1310"},"modified":"2011-11-03T19:56:23","modified_gmt":"2011-11-03T19:56:23","slug":"activitats-cde-horta-novembre-2011","status":"publish","type":"post","link":"https:\/\/donesesglesia.cat\/wp_cde\/activitats-cde-horta-novembre-2011\/","title":{"rendered":"Activitats CDE-Horta &#8211; Novembre 2011"},"content":{"rendered":"<p><a href=\"http:\/\/donesesglesia.cat\/wp_cde\/wp-content\/uploads\/2011\/05\/Horta2007-p.jpg\"><img loading=\"lazy\" decoding=\"async\" class=\"alignnone size-full wp-image-235\" title=\"Horta\" src=\"http:\/\/donesesglesia.cat\/wp_cde\/wp-content\/uploads\/2011\/05\/Horta2007-p.jpg\" alt=\"\" width=\"350\" height=\"90\" srcset=\"https:\/\/donesesglesia.cat\/wp_cde\/wp-content\/uploads\/2011\/05\/Horta2007-p.jpg 350w, https:\/\/donesesglesia.cat\/wp_cde\/wp-content\/uploads\/2011\/05\/Horta2007-p-300x77.jpg 300w\" sizes=\"auto, (max-width: 350px) 100vw, 350px\" \/><\/a><\/p>\n<p><strong>4 de novembre \u2013 divendres 21 h. \u2013 \u201cDesprendre\u2019ns del patriarcalisme, ara i aqu\u00ed, com s\u2019acceptaria el sacerdoci de les dones?\u201d<\/strong><br \/>\nM. Assumpta Torrents i Gardela ser\u00e0 qui desenvolupar\u00e0 el tema. Col\u00b7legi Safa Horta, c\/.Peris Mencheta, 26.<\/p>\n<p><strong>10 de novembre \u2013 dijous 18\u201930 h. \u2013 <a href=\"http:\/\/www.donesesglesia.cat\/documents\/2011\/historianecessaria_horta.pdf\" target=\"_blank\">Presentaci\u00f3 del llibre \u201cUNA HIST\u00d2RIA NECESS\u00c0RIA\u201d<\/a><\/strong><br \/>\nHi assistiran les autores Joana Ripoll\u00e8s, Sefa Amell i Magda Tom\u00e0s. Presentar\u00e0 el llibre la Sra. Iolanda Latorre i Roldan, Consellera d\u2019Oportunitats, Qualitat de vida i seguretat, del districte Horta-Guinard\u00f3. Tamb\u00e9 la Sra. Assumpta Soler i Farr\u00e0s, Cap de Serveis a les persones del Districte Horta-Guinard\u00f3 i la Sra. Anna Saumell i Eslava, Directora de la Biblioteca d\u2019Horta inauguraran el \u201cCentre d\u2019Inter\u00e8s\u201d sobre Teologia Feminista.<\/p>\n<p><strong>17 de novembre \u2013 dijous 18 h. \u2013 \u201cEcofeminisme, una nova manera de concebre el m\u00f3n\u201d<\/strong><br \/>\nDesenvolupar\u00e0 aquest tema, Magda Tom\u00e0s Ribes.<\/p>\n<p><strong>24 de novembre \u2013 dijous, 17,30 h. \u2013 Reuni\u00f3 de Grup<\/strong><br \/>\nEl tema a treballar ser\u00e0 \u201cAm\u00e9n\u201d de Jaume Reixach.<\/p>\n<p>Aquestes tres activitats tindran lloc a la Biblioteca Horta-Can Mariner, carrer del Vent, 1, tocant al c\/Horta.<\/p>\n","protected":false},"excerpt":{"rendered":"<p>4 de novembre \u2013 divendres 21 h. \u2013 \u201cDesprendre\u2019ns del patriarcalisme, ara i aqu\u00ed, com s\u2019acceptaria el sacerdoci de les dones?\u201d M. Assumpta Torrents i Gardela ser\u00e0 qui desenvolupar\u00e0 el [&hellip;]<\/p>\n","protected":false},"author":1,"featured_media":235,"comment_status":"closed","ping_status":"closed","sticky":false,"template":"","format":"standard","meta":{"footnotes":""},"categories":[8],"tags":[],"class_list":["post-1310","post","type-post","status-publish","format-standard","has-post-thumbnail","hentry","category-activitats-cde-horta"],"_links":{"self":[{"href":"https:\/\/donesesglesia.cat\/wp_cde\/wp-json\/wp\/v2\/posts\/1310","targetHints":{"allow":["GET"]}}],"collection":[{"href":"https:\/\/donesesglesia.cat\/wp_cde\/wp-json\/wp\/v2\/posts"}],"about":[{"href":"https:\/\/donesesglesia.cat\/wp_cde\/wp-json\/wp\/v2\/types\/post"}],"author":[{"embeddable":true,"href":"https:\/\/donesesglesia.cat\/wp_cde\/wp-json\/wp\/v2\/users\/1"}],"replies":[{"embeddable":true,"href":"https:\/\/donesesglesia.cat\/wp_cde\/wp-json\/wp\/v2\/comments?post=1310"}],"version-history":[{"count":0,"href":"https:\/\/donesesglesia.cat\/wp_cde\/wp-json\/wp\/v2\/posts\/1310\/revisions"}],"wp:featuredmedia":[{"embeddable":true,"href":"https:\/\/donesesglesia.cat\/wp_cde\/wp-json\/wp\/v2\/media\/235"}],"wp:attachment":[{"href":"https:\/\/donesesglesia.cat\/wp_cde\/wp-json\/wp\/v2\/media?parent=1310"}],"wp:term":[{"taxonomy":"category","embeddable":true,"href":"https:\/\/donesesglesia.cat\/wp_cde\/wp-json\/wp\/v2\/categories?post=1310"},{"taxonomy":"post_tag","embeddable":true,"href":"https:\/\/donesesglesia.cat\/wp_cde\/wp-json\/wp\/v2\/tags?post=1310"}],"curies":[{"name":"wp","href":"https:\/\/api.w.org\/{rel}","templated":true}]}}