{"id":1260,"date":"2011-10-01T08:35:56","date_gmt":"2011-10-01T08:35:56","guid":{"rendered":"http:\/\/donesesglesia.cat\/wp_cde\/?p=1260"},"modified":"2014-05-07T18:53:44","modified_gmt":"2014-05-07T18:53:44","slug":"activitats-cde-sitges-octubre-2011","status":"publish","type":"post","link":"https:\/\/donesesglesia.cat\/wp_cde\/activitats-cde-sitges-octubre-2011\/","title":{"rendered":"Activitats CDE-Sitges &#8211; Octubre 2011"},"content":{"rendered":"<p><a href=\"http:\/\/donesesglesia.cat\/wp_cde\/wp-content\/uploads\/2011\/04\/Sitges_p.jpg\"><img loading=\"lazy\" decoding=\"async\" class=\"alignnone size-full wp-image-453\" title=\"Sitges_p\" src=\"http:\/\/donesesglesia.cat\/wp_cde\/wp-content\/uploads\/2011\/04\/Sitges_p.jpg\" alt=\"\" width=\"350\" height=\"82\" srcset=\"https:\/\/donesesglesia.cat\/wp_cde\/wp-content\/uploads\/2011\/04\/Sitges_p.jpg 350w, https:\/\/donesesglesia.cat\/wp_cde\/wp-content\/uploads\/2011\/04\/Sitges_p-300x70.jpg 300w\" sizes=\"auto, (max-width: 350px) 100vw, 350px\" \/><\/a><\/p>\n<p><strong>21 d\u2019octubre \u2013 divendres, 19 h. &#8211; Presentaci\u00f3 del llibre \u201cUna hist\u00f2ria necess\u00e0ria\u201d<\/strong><br \/>\nAmb la participaci\u00f3 de les editores Sefa Amell, Joana Ripoll\u00e8s i Magda Tom\u00e0s. L\u2019Espai Cultural Pere St\u00e4mfli, c\/del Bosch, s\/n. Sitges.<\/p>\n","protected":false},"excerpt":{"rendered":"<p>21 d\u2019octubre \u2013 divendres, 19 h. &#8211; Presentaci\u00f3 del llibre \u201cUna hist\u00f2ria necess\u00e0ria\u201d Amb la participaci\u00f3 de les editores Sefa Amell, Joana Ripoll\u00e8s i Magda Tom\u00e0s. L\u2019Espai Cultural Pere St\u00e4mfli, [&hellip;]<\/p>\n","protected":false},"author":1,"featured_media":3282,"comment_status":"closed","ping_status":"closed","sticky":false,"template":"","format":"standard","meta":{"footnotes":""},"categories":[12],"tags":[],"class_list":["post-1260","post","type-post","status-publish","format-standard","has-post-thumbnail","hentry","category-activitats-cde-sitges"],"_links":{"self":[{"href":"https:\/\/donesesglesia.cat\/wp_cde\/wp-json\/wp\/v2\/posts\/1260","targetHints":{"allow":["GET"]}}],"collection":[{"href":"https:\/\/donesesglesia.cat\/wp_cde\/wp-json\/wp\/v2\/posts"}],"about":[{"href":"https:\/\/donesesglesia.cat\/wp_cde\/wp-json\/wp\/v2\/types\/post"}],"author":[{"embeddable":true,"href":"https:\/\/donesesglesia.cat\/wp_cde\/wp-json\/wp\/v2\/users\/1"}],"replies":[{"embeddable":true,"href":"https:\/\/donesesglesia.cat\/wp_cde\/wp-json\/wp\/v2\/comments?post=1260"}],"version-history":[{"count":0,"href":"https:\/\/donesesglesia.cat\/wp_cde\/wp-json\/wp\/v2\/posts\/1260\/revisions"}],"wp:featuredmedia":[{"embeddable":true,"href":"https:\/\/donesesglesia.cat\/wp_cde\/wp-json\/wp\/v2\/media\/3282"}],"wp:attachment":[{"href":"https:\/\/donesesglesia.cat\/wp_cde\/wp-json\/wp\/v2\/media?parent=1260"}],"wp:term":[{"taxonomy":"category","embeddable":true,"href":"https:\/\/donesesglesia.cat\/wp_cde\/wp-json\/wp\/v2\/categories?post=1260"},{"taxonomy":"post_tag","embeddable":true,"href":"https:\/\/donesesglesia.cat\/wp_cde\/wp-json\/wp\/v2\/tags?post=1260"}],"curies":[{"name":"wp","href":"https:\/\/api.w.org\/{rel}","templated":true}]}}