{"id":1233,"date":"2011-10-01T08:10:59","date_gmt":"2011-10-01T08:10:59","guid":{"rendered":"http:\/\/donesesglesia.cat\/wp_cde\/?p=1233"},"modified":"2011-10-06T16:30:16","modified_gmt":"2011-10-06T16:30:16","slug":"activitats-cde-horta-octubre-2011","status":"publish","type":"post","link":"https:\/\/donesesglesia.cat\/wp_cde\/activitats-cde-horta-octubre-2011\/","title":{"rendered":"Activitats CDE-Horta &#8211; Octubre 2011"},"content":{"rendered":"<p><img loading=\"lazy\" decoding=\"async\" title=\"Horta\" src=\"http:\/\/donesesglesia.cat\/fotos\/grups\/horta_p.jpg\" alt=\"Horta\" width=\"350\" height=\"90\" \/><\/p>\n<p><strong>20 d\u2019octubre \u2013 dijous, 18 h. \u2013 \u201cMedeleine Delbrel \u2013 La m\u00edstica de la gent del carrer\u201d<\/strong><br \/>\nSer\u00e0 Roser Sol\u00e9 Besteiro la persona que desenvolupar\u00e0 aquesta xerrada.<\/p>\n<p><strong>27 d\u2019octubre \u2013 dijous, 17,30 h. \u2013 Reuni\u00f3 de grup<\/strong><br \/>\nEs reflexionar\u00e0 sobre el tema \u201cLa humanitat de Jes\u00fas i la humanitat de D\u00e9u\u201d, article de Jos\u00e9 M. Castillo.<\/p>\n<p>Ambdues activitats tindran lloc a la Biblioteca Horta-Can Mariner, carrer del Vent, 1, tocant al c\/Horta.<\/p>\n","protected":false},"excerpt":{"rendered":"<p>20 d\u2019octubre \u2013 dijous, 18 h. \u2013 \u201cMedeleine Delbrel \u2013 La m\u00edstica de la gent del carrer\u201d Ser\u00e0 Roser Sol\u00e9 Besteiro la persona que desenvolupar\u00e0 aquesta xerrada. 27 d\u2019octubre \u2013 [&hellip;]<\/p>\n","protected":false},"author":1,"featured_media":235,"comment_status":"closed","ping_status":"closed","sticky":false,"template":"","format":"standard","meta":{"footnotes":""},"categories":[8],"tags":[],"class_list":["post-1233","post","type-post","status-publish","format-standard","has-post-thumbnail","hentry","category-activitats-cde-horta"],"_links":{"self":[{"href":"https:\/\/donesesglesia.cat\/wp_cde\/wp-json\/wp\/v2\/posts\/1233","targetHints":{"allow":["GET"]}}],"collection":[{"href":"https:\/\/donesesglesia.cat\/wp_cde\/wp-json\/wp\/v2\/posts"}],"about":[{"href":"https:\/\/donesesglesia.cat\/wp_cde\/wp-json\/wp\/v2\/types\/post"}],"author":[{"embeddable":true,"href":"https:\/\/donesesglesia.cat\/wp_cde\/wp-json\/wp\/v2\/users\/1"}],"replies":[{"embeddable":true,"href":"https:\/\/donesesglesia.cat\/wp_cde\/wp-json\/wp\/v2\/comments?post=1233"}],"version-history":[{"count":0,"href":"https:\/\/donesesglesia.cat\/wp_cde\/wp-json\/wp\/v2\/posts\/1233\/revisions"}],"wp:featuredmedia":[{"embeddable":true,"href":"https:\/\/donesesglesia.cat\/wp_cde\/wp-json\/wp\/v2\/media\/235"}],"wp:attachment":[{"href":"https:\/\/donesesglesia.cat\/wp_cde\/wp-json\/wp\/v2\/media?parent=1233"}],"wp:term":[{"taxonomy":"category","embeddable":true,"href":"https:\/\/donesesglesia.cat\/wp_cde\/wp-json\/wp\/v2\/categories?post=1233"},{"taxonomy":"post_tag","embeddable":true,"href":"https:\/\/donesesglesia.cat\/wp_cde\/wp-json\/wp\/v2\/tags?post=1233"}],"curies":[{"name":"wp","href":"https:\/\/api.w.org\/{rel}","templated":true}]}}