{"id":5312,"global_id":"donesesglesia.cat\/wp_cde?id=5312","global_id_lineage":["donesesglesia.cat\/wp_cde?id=5312"],"author":"1","status":"publish","date":"2018-01-03 19:29:17","date_utc":"2018-01-03 19:29:17","modified":"2018-01-03 19:29:17","modified_utc":"2018-01-03 19:29:17","url":"https:\/\/donesesglesia.cat\/wp_cde\/activitat\/conferencia-els-evangelis-apocrifs-3\/","rest_url":"https:\/\/donesesglesia.cat\/wp_cde\/wp-json\/tribe\/events\/v1\/events\/5312","title":"Confer\u00e8ncia: &#8220;Els Evangelis ap\u00f2crifs&#8221;","description":"<p>a c\u00e0rrec de Roser Garriga i Trullols. Lloc: Casa Orlandai<\/p>","excerpt":"","slug":"conferencia-els-evangelis-apocrifs-3","image":false,"all_day":false,"start_date":"2018-01-11 17:30:00","start_date_details":{"year":"2018","month":"01","day":"11","hour":"17","minutes":"30","seconds":"00"},"end_date":"2018-01-11 17:30:00","end_date_details":{"year":"2018","month":"01","day":"11","hour":"17","minutes":"30","seconds":"00"},"utc_start_date":"2018-01-11 17:30:00","utc_start_date_details":{"year":"2018","month":"01","day":"11","hour":"17","minutes":"30","seconds":"00"},"utc_end_date":"2018-01-11 17:30:00","utc_end_date_details":{"year":"2018","month":"01","day":"11","hour":"17","minutes":"30","seconds":"00"},"timezone":"UTC+0","timezone_abbr":"","cost":"","cost_details":{"currency_symbol":"","currency_code":"","currency_position":"prefix","values":[]},"website":"","show_map":false,"show_map_link":false,"hide_from_listings":false,"sticky":false,"featured":false,"categories":[{"name":"Activitats CDE-Sarri\u00e0 \"Orlandai\"","slug":"activitats-cde-sarria-orlandai-2","term_group":0,"term_taxonomy_id":27,"taxonomy":"tribe_events_cat","description":"","parent":0,"count":33,"filter":"raw","id":25,"urls":{"self":"https:\/\/donesesglesia.cat\/wp_cde\/wp-json\/tribe\/events\/v1\/categories\/25","collection":"https:\/\/donesesglesia.cat\/wp_cde\/wp-json\/tribe\/events\/v1\/categories"}}],"tags":[],"venue":{"id":3567,"author":"1","status":"publish","date":"2014-09-12 16:55:58","date_utc":"2014-09-12 16:55:58","modified":"2014-09-12 16:55:58","modified_utc":"2014-09-12 16:55:58","url":"https:\/\/donesesglesia.cat\/wp_cde\/recinte\/casa-orlandai\/","venue":"Casa Orlandai","slug":"casa-orlandai","address":"Carrer Jaume Piquet, 23","city":"Barcelona","country":"Espanya","zip":"08017","website":"http:\/\/www.casaorlandai.cat\/","json_ld":{"@type":"Place","name":"Casa Orlandai","description":"","url":"","address":{"@type":"PostalAddress","streetAddress":"Carrer Jaume Piquet, 23","addressLocality":"Barcelona","postalCode":"08017","addressCountry":"Espanya"},"telephone":"","sameAs":"http:\/\/www.casaorlandai.cat\/"},"show_map":true,"show_map_link":true,"global_id":"donesesglesia.cat\/wp_cde?id=3567","global_id_lineage":["donesesglesia.cat\/wp_cde?id=3567"]},"organizer":[{"id":3620,"author":"1","status":"publish","date":"2014-09-27 18:33:26","date_utc":"2014-09-27 18:33:26","modified":"2014-09-27 18:33:26","modified_utc":"2014-09-27 18:33:26","url":"https:\/\/donesesglesia.cat\/wp_cde\/organitzador\/cde-barcelona-delegacio-de-sarria-orlandai\/","organizer":"CDE &#8211; Barcelona &#8211; Delegaci\u00f3 de Sarri\u00e0 (Orlandai)","slug":"cde-barcelona-delegacio-de-sarria-orlandai","json_ld":{"@type":"Person","name":"CDE &#8211; Barcelona &#8211; Delegaci\u00f3 de Sarri\u00e0 (Orlandai)","description":"","url":"","telephone":"","email":"","sameAs":""},"global_id":"donesesglesia.cat\/wp_cde?id=3620","global_id_lineage":["donesesglesia.cat\/wp_cde?id=3620"]}],"custom_fields":[],"json_ld":{"@context":"http:\/\/schema.org","@type":"Event","name":"Confer\u00e8ncia: &#8220;Els Evangelis ap\u00f2crifs&#8221;","description":"&lt;p&gt;a c\u00e0rrec de Roser Garriga i Trullols. Lloc: Casa Orlandai&lt;\/p&gt;\\n","url":"https:\/\/donesesglesia.cat\/wp_cde\/activitat\/conferencia-els-evangelis-apocrifs-3\/","eventAttendanceMode":"https:\/\/schema.org\/OfflineEventAttendanceMode","eventStatus":"https:\/\/schema.org\/EventScheduled","startDate":"2018-01-11T17:30:00+00:00","endDate":"2018-01-11T17:30:00+00:00","location":{"@type":"Place","name":"Casa Orlandai","description":"","url":"","address":{"@type":"PostalAddress","streetAddress":"Carrer Jaume Piquet, 23","addressLocality":"Barcelona","postalCode":"08017","addressCountry":"Espanya"},"telephone":"","sameAs":"http:\/\/www.casaorlandai.cat\/"},"organizer":{"@type":"Person","name":"CDE &#8211; Barcelona &#8211; Delegaci\u00f3 de Sarri\u00e0 (Orlandai)","description":"","url":"","telephone":"","email":"","sameAs":""},"performer":"Organization"}}