{"id":4997,"global_id":"donesesglesia.cat\/wp_cde?id=4997","global_id_lineage":["donesesglesia.cat\/wp_cde?id=4997"],"author":"1","status":"publish","date":"2017-05-01 10:03:40","date_utc":"2017-05-01 10:03:40","modified":"2017-05-01 10:03:40","modified_utc":"2017-05-01 10:03:40","url":"https:\/\/donesesglesia.cat\/wp_cde\/activitat\/celebracio-del-memorial-12\/","rest_url":"https:\/\/donesesglesia.cat\/wp_cde\/wp-json\/tribe\/events\/v1\/events\/4997","title":"Celebraci\u00f3 del Memorial","description":"<div class=\"page\" title=\"Page 1\">\n<div class=\"section\">\n<div class=\"layoutArea\">\n<div class=\"column\">\n<p>El Grup de Preg\u00e0ria ens convida a la celebraci\u00f3 del Memorial. Fem present el que ens diu Fets dels Ap\u00f2stols 2, 42 i 47: &#8220;Tots eren constants a escoltar l&#8217;ensenyament dels ap\u00f2stols i a viure en comuni\u00f3 fraterna, a partir el pa i a assistir a les preg\u00e0ries. A casa partien el pa i prenien junts el seu aliment amb joia i senzillesa de cor&#8221;. Lloc: Seu del CDE.<\/p>\n<\/div>\n<\/div>\n<\/div>\n<\/div>","excerpt":"","slug":"celebracio-del-memorial-12","image":false,"all_day":false,"start_date":"2017-05-22 18:00:00","start_date_details":{"year":"2017","month":"05","day":"22","hour":"18","minutes":"00","seconds":"00"},"end_date":"2017-05-22 18:00:00","end_date_details":{"year":"2017","month":"05","day":"22","hour":"18","minutes":"00","seconds":"00"},"utc_start_date":"2017-05-22 18:00:00","utc_start_date_details":{"year":"2017","month":"05","day":"22","hour":"18","minutes":"00","seconds":"00"},"utc_end_date":"2017-05-22 18:00:00","utc_end_date_details":{"year":"2017","month":"05","day":"22","hour":"18","minutes":"00","seconds":"00"},"timezone":"UTC+0","timezone_abbr":"","cost":"","cost_details":{"currency_symbol":"","currency_code":"","currency_position":"prefix","values":[]},"website":"","show_map":false,"show_map_link":false,"hide_from_listings":false,"sticky":false,"featured":false,"categories":[{"name":"Activitats del CDE","slug":"activitats-del-cde","term_group":0,"term_taxonomy_id":23,"taxonomy":"tribe_events_cat","description":"","parent":0,"count":148,"filter":"raw","id":23,"urls":{"self":"https:\/\/donesesglesia.cat\/wp_cde\/wp-json\/tribe\/events\/v1\/categories\/23","collection":"https:\/\/donesesglesia.cat\/wp_cde\/wp-json\/tribe\/events\/v1\/categories"}}],"tags":[],"venue":{"id":3570,"author":"1","status":"publish","date":"2014-09-12 17:10:24","date_utc":"2014-09-12 17:10:24","modified":"2014-09-27 18:39:52","modified_utc":"2014-09-27 18:39:52","url":"https:\/\/donesesglesia.cat\/wp_cde\/recinte\/seu-del-cde-2\/","venue":"Seu del CDE","slug":"seu-del-cde-2","address":"Carrer de Rocafort, 242 bis, 1a (Edifici CIEMEN)","city":"Barcelona","country":"Espanya","zip":"08029","phone":"933 192 342","json_ld":{"@type":"Place","name":"Seu del CDE","description":"","url":"","address":{"@type":"PostalAddress","streetAddress":"Carrer de Rocafort, 242 bis, 1a (Edifici CIEMEN)","addressLocality":"Barcelona","postalCode":"08029","addressCountry":"Espanya"},"telephone":"933 192 342","sameAs":""},"show_map":true,"show_map_link":true,"global_id":"donesesglesia.cat\/wp_cde?id=3570","global_id_lineage":["donesesglesia.cat\/wp_cde?id=3570"]},"organizer":[{"id":3616,"author":"1","status":"publish","date":"2014-09-27 18:31:24","date_utc":"2014-09-27 18:31:24","modified":"2014-09-27 18:31:24","modified_utc":"2014-09-27 18:31:24","url":"https:\/\/donesesglesia.cat\/wp_cde\/organitzador\/cde\/","organizer":"CDE","slug":"cde","json_ld":{"@type":"Person","name":"CDE","description":"","url":"","telephone":"","email":"","sameAs":""},"global_id":"donesesglesia.cat\/wp_cde?id=3616","global_id_lineage":["donesesglesia.cat\/wp_cde?id=3616"]}],"custom_fields":[],"json_ld":{"@context":"http:\/\/schema.org","@type":"Event","name":"Celebraci\u00f3 del Memorial","description":"&lt;p&gt;El Grup de Preg\u00e0ria ens convida a la celebraci\u00f3 del Memorial. Fem present el que ens diu Fets dels Ap\u00f2stols 2, 42 i 47: &quot;Tots eren constants a escoltar l\\'ensenyament [&hellip;]&lt;\/p&gt;\\n","url":"https:\/\/donesesglesia.cat\/wp_cde\/activitat\/celebracio-del-memorial-12\/","eventAttendanceMode":"https:\/\/schema.org\/OfflineEventAttendanceMode","eventStatus":"https:\/\/schema.org\/EventScheduled","startDate":"2017-05-22T18:00:00+00:00","endDate":"2017-05-22T18:00:00+00:00","location":{"@type":"Place","name":"Seu del CDE","description":"","url":"","address":{"@type":"PostalAddress","streetAddress":"Carrer de Rocafort, 242 bis, 1a (Edifici CIEMEN)","addressLocality":"Barcelona","postalCode":"08029","addressCountry":"Espanya"},"telephone":"933 192 342","sameAs":""},"organizer":{"@type":"Person","name":"CDE","description":"","url":"","telephone":"","email":"","sameAs":""},"performer":"Organization"}}